{"id":142042,"date":"2022-03-01T14:24:18","date_gmt":"2022-03-01T19:24:18","guid":{"rendered":"https:\/\/linitiative.ca\/International\/adoption-de-la-charte-de-la-transition-on-attend-maintenant-les-resultats\/"},"modified":"2022-03-01T14:24:18","modified_gmt":"2022-03-01T19:24:18","slug":"adoption-de-la-charte-de-la-transition-on-attend-maintenant-les-resultats","status":"publish","type":"post","link":"https:\/\/linitiative.ca\/International\/adoption-de-la-charte-de-la-transition-on-attend-maintenant-les-resultats\/","title":{"rendered":"ADOPTION DE LA CHARTE DE LA TRANSITION  \u00a0 : On attend maintenant les r\u00e9sultats\u00a0  \u00a0"},"content":{"rendered":"<div>\n<p><img decoding=\"async\" width=\"275\" height=\"183\" src=\"https:\/\/linitiative.ca\/International\/wp-content\/uploads\/sites\/23\/2022\/03\/CHARTE.jpg\" class=\"attachment- size- wp-post-image\" alt=\"\" loading=\"lazy\" style=\"float:left; margin:0 15px 15px 0;\" srcset=\"https:\/\/linitiative.ca\/International\/wp-content\/uploads\/sites\/23\/2022\/03\/CHARTE.jpg 275w, https:\/\/lepays.bf\/wp-content\/uploads\/2022\/03\/CHARTE-128x86.jpg 128w\" sizes=\"auto, (max-width: 275px) 100vw, 275px\">C\u2019est \u00e0 une heure tr\u00e8s avanc\u00e9e dans la nuit du lundi 28 f\u00e9vrier, que les 350 d\u00e9l\u00e9gu\u00e9s convoqu\u00e9s aux Assises nationales ont achev\u00e9 leurs travaux par l\u2019adoption de la Charte de la Transition. D\u00e9sormais, Paul Henri Damiba et ses compagnons d\u2019armes disposent, en toute l\u00e9gitimit\u00e9 [\u2026]<\/p>\n<p>L\u2019article <a rel=\"nofollow\" href=\"https:\/\/lepays.bf\/adoption-de-la-charte-de-la-transition-on-attend-maintenant-les-resultats\/\">ADOPTION DE LA CHARTE DE LA TRANSITION  \u00a0 : On attend maintenant les r\u00e9sultats\u00a0  \u00a0<\/a> est apparu en premier sur <a rel=\"nofollow\" href=\"https:\/\/lepays.bf\/\">Editions Le Pays<\/a>.<\/p>\n<\/div>\n<p>Auteur: Editions LEPAYS<br \/>\n<a href=\"https:\/\/lepays.bf\/adoption-de-la-charte-de-la-transition-on-attend-maintenant-les-resultats\/\">Cliquez ici pour lire l&rsquo;article depuis sa source.<\/a><\/p>\n","protected":false},"excerpt":{"rendered":"<p>C\u2019est \u00e0 une heure tr\u00e8s avanc\u00e9e dans la nuit du lundi 28 f\u00e9vrier, que les 350 d\u00e9l\u00e9gu\u00e9s convoqu\u00e9s aux Assises nationales ont achev\u00e9 leurs travaux par l\u2019adoption de la Charte de la Transition. D\u00e9sormais, Paul Henri Damiba et ses compagnons d\u2019armes disposent, en toute l\u00e9gitimit\u00e9 [\u2026] L\u2019article ADOPTION DE LA CHARTE DE LA TRANSITION \u00a0 [&hellip;]<\/p>\n","protected":false},"author":1813,"featured_media":0,"comment_status":"closed","ping_status":"closed","sticky":false,"template":"","format":"standard","meta":{"fifu_image_url":"https:\/\/lepays.bf\/wp-content\/uploads\/2022\/03\/CHARTE.jpg","fifu_image_alt":"ADOPTION DE LA CHARTE DE LA TRANSITION  \u00a0 : On attend maintenant les r\u00e9sultats\u00a0  \u00a0","footnotes":""},"categories":[73,81],"tags":[],"class_list":["post-142042","post","type-post","status-publish","format-standard","hentry","category-actualite","category-burkina-faso"],"_links":{"self":[{"href":"https:\/\/linitiative.ca\/International\/wp-json\/wp\/v2\/posts\/142042","targetHints":{"allow":["GET"]}}],"collection":[{"href":"https:\/\/linitiative.ca\/International\/wp-json\/wp\/v2\/posts"}],"about":[{"href":"https:\/\/linitiative.ca\/International\/wp-json\/wp\/v2\/types\/post"}],"author":[{"embeddable":true,"href":"https:\/\/linitiative.ca\/International\/wp-json\/wp\/v2\/users\/1813"}],"replies":[{"embeddable":true,"href":"https:\/\/linitiative.ca\/International\/wp-json\/wp\/v2\/comments?post=142042"}],"version-history":[{"count":0,"href":"https:\/\/linitiative.ca\/International\/wp-json\/wp\/v2\/posts\/142042\/revisions"}],"wp:attachment":[{"href":"https:\/\/linitiative.ca\/International\/wp-json\/wp\/v2\/media?parent=142042"}],"wp:term":[{"taxonomy":"category","embeddable":true,"href":"https:\/\/linitiative.ca\/International\/wp-json\/wp\/v2\/categories?post=142042"},{"taxonomy":"post_tag","embeddable":true,"href":"https:\/\/linitiative.ca\/International\/wp-json\/wp\/v2\/tags?post=142042"}],"curies":[{"name":"wp","href":"https:\/\/api.w.org\/{rel}","templated":true}]}}