{"id":142044,"date":"2022-03-01T14:28:06","date_gmt":"2022-03-01T19:28:06","guid":{"rendered":"https:\/\/linitiative.ca\/International\/expulsion-de-cellou-dalein-diallo-et-de-sidya-toure-de-leur-residence-chacun-en-prendra-pour-son-grade\/"},"modified":"2022-03-01T14:28:06","modified_gmt":"2022-03-01T19:28:06","slug":"expulsion-de-cellou-dalein-diallo-et-de-sidya-toure-de-leur-residence-chacun-en-prendra-pour-son-grade","status":"publish","type":"post","link":"https:\/\/linitiative.ca\/International\/expulsion-de-cellou-dalein-diallo-et-de-sidya-toure-de-leur-residence-chacun-en-prendra-pour-son-grade\/","title":{"rendered":"EXPULSION DE CELLOU\u00a0 DALEIN DIALLO ET DE SIDYA TOURE DE LEUR RESIDENCE : Chacun en prendra pour son grade \u00a0  \u00a0"},"content":{"rendered":"<div>\n<p><img loading=\"lazy\" decoding=\"async\" width=\"592\" height=\"296\" src=\"https:\/\/linitiative.ca\/International\/wp-content\/uploads\/sites\/23\/2022\/03\/expulsion.jpg\" class=\"attachment- size- wp-post-image\" alt=\"\" style=\"float:left; margin:0 15px 15px 0;\" srcset=\"https:\/\/linitiative.ca\/International\/wp-content\/uploads\/sites\/23\/2022\/03\/expulsion.jpg 592w, https:\/\/lepays.bf\/wp-content\/uploads\/2022\/03\/expulsion-300x150.jpg 300w\" sizes=\"auto, (max-width: 592px) 100vw, 592px\">Ils ont esp\u00e9r\u00e9 jusqu\u2019au bout que le Tribunal de premi\u00e8re instance de Dixxim accepterait de juger le litige qui les oppose \u00e0 l\u2019Etat guin\u00e9en au sujet des propri\u00e9t\u00e9s qu\u2019ils \u00a0ont acquises sous la pr\u00e9sidence de Lassana Cont\u00e9. Cependant, force est de constater que cette\u00a0 justice [\u2026]<\/p>\n<p>L\u2019article <a rel=\"nofollow\" href=\"https:\/\/lepays.bf\/expulsion-de-cellou-dalein-diallo-et-de-sidya-toure-de-leur-residence-chacun-en-prendra-pour-son-grade\/\">EXPULSION DE CELLOU\u00a0 DALEIN DIALLO ET DE SIDYA TOURE DE LEUR RESIDENCE : Chacun en prendra pour son grade \u00a0  \u00a0<\/a> est apparu en premier sur <a rel=\"nofollow\" href=\"https:\/\/lepays.bf\/\">Editions Le Pays<\/a>.<\/p>\n<\/div>\n<p>Auteur: Editions LEPAYS<br \/>\n<a href=\"https:\/\/lepays.bf\/expulsion-de-cellou-dalein-diallo-et-de-sidya-toure-de-leur-residence-chacun-en-prendra-pour-son-grade\/\">Cliquez ici pour lire l&rsquo;article depuis sa source.<\/a><\/p>\n","protected":false},"excerpt":{"rendered":"<p>Ils ont esp\u00e9r\u00e9 jusqu\u2019au bout que le Tribunal de premi\u00e8re instance de Dixxim accepterait de juger le litige qui les oppose \u00e0 l\u2019Etat guin\u00e9en au sujet des propri\u00e9t\u00e9s qu\u2019ils \u00a0ont acquises sous la pr\u00e9sidence de Lassana Cont\u00e9. Cependant, force est de constater que cette\u00a0 justice [\u2026] L\u2019article EXPULSION DE CELLOU\u00a0 DALEIN DIALLO ET DE SIDYA [&hellip;]<\/p>\n","protected":false},"author":1813,"featured_media":0,"comment_status":"closed","ping_status":"closed","sticky":false,"template":"","format":"standard","meta":{"fifu_image_url":"https:\/\/lepays.bf\/wp-content\/uploads\/2022\/03\/expulsion.jpg","fifu_image_alt":"EXPULSION DE CELLOU\u00a0 DALEIN DIALLO ET DE SIDYA TOURE DE LEUR RESIDENCE : Chacun en prendra pour son grade \u00a0  \u00a0","footnotes":""},"categories":[73,81],"tags":[],"class_list":["post-142044","post","type-post","status-publish","format-standard","hentry","category-actualite","category-burkina-faso"],"_links":{"self":[{"href":"https:\/\/linitiative.ca\/International\/wp-json\/wp\/v2\/posts\/142044","targetHints":{"allow":["GET"]}}],"collection":[{"href":"https:\/\/linitiative.ca\/International\/wp-json\/wp\/v2\/posts"}],"about":[{"href":"https:\/\/linitiative.ca\/International\/wp-json\/wp\/v2\/types\/post"}],"author":[{"embeddable":true,"href":"https:\/\/linitiative.ca\/International\/wp-json\/wp\/v2\/users\/1813"}],"replies":[{"embeddable":true,"href":"https:\/\/linitiative.ca\/International\/wp-json\/wp\/v2\/comments?post=142044"}],"version-history":[{"count":0,"href":"https:\/\/linitiative.ca\/International\/wp-json\/wp\/v2\/posts\/142044\/revisions"}],"wp:attachment":[{"href":"https:\/\/linitiative.ca\/International\/wp-json\/wp\/v2\/media?parent=142044"}],"wp:term":[{"taxonomy":"category","embeddable":true,"href":"https:\/\/linitiative.ca\/International\/wp-json\/wp\/v2\/categories?post=142044"},{"taxonomy":"post_tag","embeddable":true,"href":"https:\/\/linitiative.ca\/International\/wp-json\/wp\/v2\/tags?post=142044"}],"curies":[{"name":"wp","href":"https:\/\/api.w.org\/{rel}","templated":true}]}}