{"id":142046,"date":"2022-03-01T16:47:58","date_gmt":"2022-03-01T21:47:58","guid":{"rendered":"https:\/\/linitiative.ca\/International\/grippe-aviaire-les-hauts-bassins-epargnes-pour-le-moment\/"},"modified":"2022-03-01T16:47:58","modified_gmt":"2022-03-01T21:47:58","slug":"grippe-aviaire-les-hauts-bassins-epargnes-pour-le-moment","status":"publish","type":"post","link":"https:\/\/linitiative.ca\/International\/grippe-aviaire-les-hauts-bassins-epargnes-pour-le-moment\/","title":{"rendered":"Grippe aviaire  : les Hauts-Bassins \u00e9pargn\u00e9s  pour le moment"},"content":{"rendered":"<div>\n<p><strong>La grippe aviaire s\u00e9vit au Burkina Faso depuis fin 2021. A la date du 21 f\u00e9vrier 2022, la r\u00e9gion des Hauts-Bassins \u00e9tait encore \u00e9pargn\u00e9e par cette maladie animale. C\u2019est le constat que Sidwaya a fait avec les acteurs du secteur. <\/strong><\/p>\n<figure id=\"attachment_46248\" aria-describedby=\"caption-attachment-46248\" style=\"width: 190px\" class=\"wp-caption alignleft\"><img decoding=\"async\" loading=\"lazy\" class=\"wp-image-46248 size-medium\" src=\"https:\/\/linitiative.ca\/International\/wp-content\/uploads\/sites\/23\/2022\/03\/4-1-190x300-1.jpg\" alt=\"\" width=\"190\" height=\"300\" srcset=\"https:\/\/linitiative.ca\/International\/wp-content\/uploads\/sites\/23\/2022\/03\/4-1-190x300-1.jpg 190w, https:\/\/www.sidwaya.info\/wp-content\/uploads\/2022\/03\/4-1-150x237.jpg 150w, https:\/\/www.sidwaya.info\/wp-content\/uploads\/2022\/03\/4-1-300x473.jpg 300w, https:\/\/www.sidwaya.info\/wp-content\/uploads\/2022\/03\/4-1-266x420.jpg 266w, https:\/\/www.sidwaya.info\/wp-content\/uploads\/2022\/03\/4-1.jpg 377w\" sizes=\"auto, (max-width: 190px) 100vw, 190px\"><figcaption id=\"caption-attachment-46248\" class=\"wp-caption-text\">Le SYNEF, selon son pr\u00e9sident Moumouni Sidib\u00e9, m\u00e8ne des campagnes de sensibilisation pour que la grippe aviaire n\u2019infecte pas la r\u00e9gion des Hauts-Bassins.<\/figcaption><\/figure>\n<p>La r\u00e9gion des Hauts-Bassins n\u2019enregistre pour le moment aucun cas de grippe aviaire. C\u2019est ce qu\u2019a affirm\u00e9 le directeur r\u00e9gional en charge des ressources animales et halieutiques, Seydou Kouanda, que nous avons rencontr\u00e9 le 21 f\u00e9vrier 2022 \u00e0 Bobo-Dioulasso. \u00ab A ce jour 21 f\u00e9vrier 2022, nous sommes sans cas de foyer av\u00e9r\u00e9 de grippe aviaire \u00bb, rassure Seydou Kouanda. A l\u2019entendre, des mortalit\u00e9s de volaille ont \u00e9t\u00e9 constat\u00e9es dans certaines communes de la r\u00e9gion mais les tests effectu\u00e9s sur ces animaux morts se sont av\u00e9r\u00e9s n\u00e9gatifs. \u00ab Nous avons effectu\u00e9 des pr\u00e9l\u00e8vements d\u2019\u00e9chantillons que nous avons envoy\u00e9s au laboratoire national d\u2019\u00e9levage pour des examens. Les r\u00e9sultats qui nous sont revenus sont n\u00e9gatifs. La mortalit\u00e9 est due \u00e0 d\u2019autres maladies et non \u00e0 la grippe aviaire \u00bb, a pr\u00e9cis\u00e9 le directeur r\u00e9gional des Ressources animales.<\/p>\n<p>Selon Seydou Kouanda, cette p\u00e9riode de froid est favorable \u00e0 l\u2019\u00e9mergence de certaines maladies qui ravagent la volaille comme la maladie de newcastle. Pour cela, il a invit\u00e9 les \u00e9leveurs \u00e0 prendre attache avec les services techniques d\u2019\u00e9levage lorsqu\u2019ils feront face \u00e0 des morts de poules dans leurs fermes. \u00ab Les services habilit\u00e9s proc\u00e9deront \u00e0 des analyses et prendront des dispositions particuli\u00e8res s\u2019il y a des cas av\u00e9r\u00e9s \u00bb, a-t-il dit. Pour pr\u00e9venir des cas de grippe aviaire dans la r\u00e9gion, des campagnes de sensibilisation \u00e0 l\u2019endroit des \u00e9leveurs, de la population, des agents de sant\u00e9 animale ou des agents vaccinateurs ont \u00e9t\u00e9 conduites dans plusieurs localit\u00e9s. Le directeur r\u00e9gional a invit\u00e9 les \u00e9leveurs \u00e0 la vigilance pour que la r\u00e9gion reste indemne. A \u00e9couter M. Kouanda, la grippe aviaire est une zoonose, c\u2019est-\u00e0-dire une maladie qui se transmet \u00e0 l\u2019homme. Mais il rassure que si la viande est bien cuite, elle ne peut pas faire l\u2019objet de transmission, mais conseille d\u2019\u00e9viter les contacts permanents avec les foyers de la maladie.<\/p>\n<h2><strong>Le syndicat satisfait<\/strong><\/h2>\n<figure id=\"attachment_46247\" aria-describedby=\"caption-attachment-46247\" style=\"width: 232px\" class=\"wp-caption alignright\"><img decoding=\"async\" loading=\"lazy\" class=\"wp-image-46247 size-medium\" src=\"https:\/\/linitiative.ca\/International\/wp-content\/uploads\/sites\/23\/2022\/03\/3-1-232x300-1.jpg\" alt=\"\" width=\"232\" height=\"300\" srcset=\"https:\/\/linitiative.ca\/International\/wp-content\/uploads\/sites\/23\/2022\/03\/3-1-232x300-1.jpg 232w, https:\/\/www.sidwaya.info\/wp-content\/uploads\/2022\/03\/3-1-150x194.jpg 150w, https:\/\/www.sidwaya.info\/wp-content\/uploads\/2022\/03\/3-1-300x387.jpg 300w, https:\/\/www.sidwaya.info\/wp-content\/uploads\/2022\/03\/3-1-325x420.jpg 325w, https:\/\/www.sidwaya.info\/wp-content\/uploads\/2022\/03\/3-1.jpg 461w\" sizes=\"auto, (max-width: 232px) 100vw, 232px\"><figcaption id=\"caption-attachment-46247\" class=\"wp-caption-text\">Selon Moussa Rabo, vendeur de poulets, la p\u00e9riode de chaleur qui s\u2019annonce va entrainer une baisse de la mortalit\u00e9 des poules.<\/figcaption><\/figure>\n<p>Outre le directeur r\u00e9gional, des fermiers \u00e0 l\u2019instar de Alizeta Rouamba soutiennent que leur ferme est pour le moment \u00e9pargn\u00e9e. Pour Moussa Rabo, vendeur de poulets \u00e0 Bobo-Dioulasso, chaque ann\u00e9e \u00e0 la m\u00eame p\u00e9riode, il y a des mortalit\u00e9s de volaille. Il dit avoir constat\u00e9 des poules mortes dans leurs cages mais reconnait n\u2019avoir pas sollicit\u00e9 les services techniques de l\u2019\u00e9levage pour d\u00e9terminer les causes de ces morts. \u00ab Avec la chaleur qui arrive, les morts de poules sont en train de diminuer \u00bb, remarque M. Rabo qui a laiss\u00e9 entendre que les animaux s\u2019ach\u00e8tent tant bien que mal, malgr\u00e9 qu\u2019il ait des cas de grippe aviaire dans certaines r\u00e9gions du pays.<\/p>\n<p>Le pr\u00e9sident du Syndicat national des \u00e9leveurs du Faso (SYNEF), Moumouni Sidib\u00e9, confirme \u00e9galement que la grippe aviaire s\u00e9vit dans certaines r\u00e9gions du Burkina, mais pas dans les Hauts-Bassins. Le syndicat, a-t-il rassur\u00e9, est \u00e0 pied d\u2019\u0153uvre en menant des sensibilisations aupr\u00e8s de ses membres pour que la grippe aviaire ne contamine pas la r\u00e9gion. A entendre le pr\u00e9sident du SYNEF, leur pr\u00e9occupation portant sur l\u2019indemnisation en cas de grippe aviaire a \u00e9t\u00e9 prise en compte par le minist\u00e8re en charge des ressources animales. Les \u00e9leveurs avaient demand\u00e9 de tenir compte des cas o\u00f9 les poulets seraient morts d\u2019eux-m\u00eames du fait de la grippe aviaire. Auparavant, l\u2019indemnisation ne concernait que les cas o\u00f9 les poules sont abattues par les services techniques de l\u2019\u00e9levage.<\/p>\n<p style=\"text-align: right\"><strong> Adaman DRABO <\/strong><\/p>\n<p>L\u2019article <a rel=\"nofollow\" href=\"https:\/\/www.sidwaya.info\/blog\/2022\/03\/01\/grippe-aviaire-les-hauts-bassins-epargnes-pour-le-moment\/\">Grippe aviaire  : les Hauts-Bassins \u00e9pargn\u00e9s  pour le moment<\/a> est apparu en premier sur <a rel=\"nofollow\" href=\"https:\/\/www.sidwaya.info\/\">Quotidien Sidwaya<\/a>.<\/p>\n<\/div>\n<p>Auteur: JK. Sidwaya<br \/>\n<a href=\"https:\/\/www.sidwaya.info\/blog\/2022\/03\/01\/grippe-aviaire-les-hauts-bassins-epargnes-pour-le-moment\/?utm_source=rss&#038;utm_medium=rss&#038;utm_campaign=grippe-aviaire-les-hauts-bassins-epargnes-pour-le-moment\">Cliquez ici pour lire l&rsquo;article depuis sa source.<\/a><\/p>\n","protected":false},"excerpt":{"rendered":"<p>La grippe aviaire s\u00e9vit au Burkina Faso depuis fin 2021. A la date du 21 f\u00e9vrier 2022, la r\u00e9gion des Hauts-Bassins \u00e9tait encore \u00e9pargn\u00e9e par cette maladie animale. C\u2019est le constat que Sidwaya a fait avec les acteurs du secteur. Le SYNEF, selon son pr\u00e9sident Moumouni Sidib\u00e9, m\u00e8ne des campagnes de sensibilisation pour que la [&hellip;]<\/p>\n","protected":false},"author":1816,"featured_media":0,"comment_status":"closed","ping_status":"closed","sticky":false,"template":"","format":"standard","meta":{"fifu_image_url":"https:\/\/www.sidwaya.info\/wp-content\/uploads\/2022\/03\/4-1-190x300.jpg","fifu_image_alt":"Grippe aviaire  : les Hauts-Bassins \u00e9pargn\u00e9s  pour le moment","footnotes":""},"categories":[73,81],"tags":[],"class_list":["post-142046","post","type-post","status-publish","format-standard","hentry","category-actualite","category-burkina-faso"],"_links":{"self":[{"href":"https:\/\/linitiative.ca\/International\/wp-json\/wp\/v2\/posts\/142046","targetHints":{"allow":["GET"]}}],"collection":[{"href":"https:\/\/linitiative.ca\/International\/wp-json\/wp\/v2\/posts"}],"about":[{"href":"https:\/\/linitiative.ca\/International\/wp-json\/wp\/v2\/types\/post"}],"author":[{"embeddable":true,"href":"https:\/\/linitiative.ca\/International\/wp-json\/wp\/v2\/users\/1816"}],"replies":[{"embeddable":true,"href":"https:\/\/linitiative.ca\/International\/wp-json\/wp\/v2\/comments?post=142046"}],"version-history":[{"count":0,"href":"https:\/\/linitiative.ca\/International\/wp-json\/wp\/v2\/posts\/142046\/revisions"}],"wp:attachment":[{"href":"https:\/\/linitiative.ca\/International\/wp-json\/wp\/v2\/media?parent=142046"}],"wp:term":[{"taxonomy":"category","embeddable":true,"href":"https:\/\/linitiative.ca\/International\/wp-json\/wp\/v2\/categories?post=142046"},{"taxonomy":"post_tag","embeddable":true,"href":"https:\/\/linitiative.ca\/International\/wp-json\/wp\/v2\/tags?post=142046"}],"curies":[{"name":"wp","href":"https:\/\/api.w.org\/{rel}","templated":true}]}}