{"id":142049,"date":"2022-03-01T17:14:42","date_gmt":"2022-03-01T22:14:42","guid":{"rendered":"https:\/\/linitiative.ca\/International\/adoption-de-la-charte-de-la-transition-des-burkinabe-se-prononcent\/"},"modified":"2022-03-01T17:14:42","modified_gmt":"2022-03-01T22:14:42","slug":"adoption-de-la-charte-de-la-transition-des-burkinabe-se-prononcent","status":"publish","type":"post","link":"https:\/\/linitiative.ca\/International\/adoption-de-la-charte-de-la-transition-des-burkinabe-se-prononcent\/","title":{"rendered":"Adoption de la Charte de la Transition  : des burkinab\u00e8 se prononcent"},"content":{"rendered":"<div>\n<p><strong>A la suite de l\u2019adoption de la Charte et de l\u2019Agenda de la Transition par les forces vives, des citoyens burkinab\u00e8 ont donn\u00e9 leurs appr\u00e9ciations sur la dur\u00e9e de la Transition et le contenu de la Charte, le lundi 1er mars 2022, \u00e0 Ouagadougou.<\/strong><\/p>\n<p><strong><img decoding=\"async\" loading=\"lazy\" class=\"size-medium wp-image-46251 alignleft\" src=\"https:\/\/linitiative.ca\/International\/wp-content\/uploads\/sites\/23\/2022\/03\/1-4-225x300-1.jpg\" alt=\"\" width=\"225\" height=\"300\" srcset=\"https:\/\/linitiative.ca\/International\/wp-content\/uploads\/sites\/23\/2022\/03\/1-4-225x300-1.jpg 225w, https:\/\/www.sidwaya.info\/wp-content\/uploads\/2022\/03\/1-4-150x200.jpg 150w, https:\/\/www.sidwaya.info\/wp-content\/uploads\/2022\/03\/1-4-300x400.jpg 300w, https:\/\/www.sidwaya.info\/wp-content\/uploads\/2022\/03\/1-4-315x420.jpg 315w, https:\/\/www.sidwaya.info\/wp-content\/uploads\/2022\/03\/1-4.jpg 595w\" sizes=\"auto, (max-width: 225px) 100vw, 225px\">Arouna Sawadogo,<\/strong> \u00e9tudiant en Histoire et Arch\u00e9ologie : \u00ab Le nombre de ministres est assez \u00e9lev\u00e9\u00bb. \u00ab Concernant la dur\u00e9e de la Transition, je pense qu\u2019elle est assez courte. Mais, cela d\u00e9pendra de l\u2019\u00e9volution de la situation. Le plus important est que les autorit\u00e9s actuelles prennent en compte les aspirations de la soci\u00e9t\u00e9, du pays. Nous avons soif de s\u00e9curit\u00e9, car elle est primordiale. Si pour r\u00e9soudre ce probl\u00e8me, ils doivent aller m\u00eame au-del\u00e0 de trois ans, je n\u2019y vois pas d\u2019inconv\u00e9nient. Economiquement parlant, nous sommes un pays qui a de la peine \u00e0 se d\u00e9velopper. Donc, je trouve que le nombre de ministres (25) est un peu trop \u00e9lev\u00e9. Il fallait tout au plus 20 ministres et fusionner certains minist\u00e8res. Pour ce qui est du Parlement de la Transition, je pense qu\u2019on pouvait aller au-del\u00e0 du nombre retenu (71) \u00bb.<\/p>\n<p><strong><img decoding=\"async\" loading=\"lazy\" class=\"size-medium wp-image-46252 alignright\" src=\"https:\/\/linitiative.ca\/International\/wp-content\/uploads\/sites\/23\/2022\/03\/2-2-225x300-1.jpg\" alt=\"\" width=\"225\" height=\"300\" srcset=\"https:\/\/linitiative.ca\/International\/wp-content\/uploads\/sites\/23\/2022\/03\/2-2-225x300-1.jpg 225w, https:\/\/www.sidwaya.info\/wp-content\/uploads\/2022\/03\/2-2-150x200.jpg 150w, https:\/\/www.sidwaya.info\/wp-content\/uploads\/2022\/03\/2-2-300x400.jpg 300w, https:\/\/www.sidwaya.info\/wp-content\/uploads\/2022\/03\/2-2-315x420.jpg 315w, https:\/\/www.sidwaya.info\/wp-content\/uploads\/2022\/03\/2-2.jpg 595w\" sizes=\"auto, (max-width: 225px) 100vw, 225px\">Souleymane Sidib\u00e9<\/strong>, \u00e9tudiant en Histoire et Arch\u00e9ologie : \u00ab Ce sont les r\u00e9sultats qui nous importent \u00bb \u00ab Je pense que le d\u00e9lai importe peu. Ce sont les r\u00e9sultats qui nous importent. M\u00eame s\u2019ils arrivent \u00e0 r\u00e9soudre le probl\u00e8me en une journ\u00e9e, cela va nous plaire. Ce sont les r\u00e9sultats que nous attendons. Au niveau des d\u00e9put\u00e9s, je pense que le nombre n\u2019a pas aussi assez d\u2019importance. Si je prends le cas du r\u00e9gime pr\u00e9c\u00e9dent, nous avions plus de 100 d\u00e9put\u00e9s et qui viennent juste d\u2019\u00eatre demis sans remplir pleinement leur fonction. Il y a d\u2019autres qui n\u2019avaient pas leur place \u00e0 l\u2019Assembl\u00e9e nationale. C\u2019\u00e9tait juste des repr\u00e9sentations physiques sans connaitre r\u00e9ellement les besoins de leurs localit\u00e9s. M\u00eame avec 5 d\u00e9put\u00e9s qui ont l\u2019esprit patriotique, nous pouvons r\u00e9soudre nos probl\u00e8mes. Il faut aller dans le but de servir la Nation et non dans le but de se servir. Le citoyen lambda peine \u00e0 avoir de quoi se nourrir et s\u2019il faut nommer des ministres avec des salaires exorbitants, il faut revoir \u00e0 ce niveau. Il faut que tous ceux qui prendront part \u00e0 cette Transition aient l\u2019esprit patriotique afin de sortir le pays de cette crise et non l\u2019enfoncer. Que chacun remplisse pleinement et fid\u00e8lement son r\u00f4le \u00bb.<\/p>\n<p><img decoding=\"async\" loading=\"lazy\" class=\"size-medium wp-image-46253 alignleft\" src=\"https:\/\/linitiative.ca\/International\/wp-content\/uploads\/sites\/23\/2022\/03\/3-2-225x300-1.jpg\" alt=\"\" width=\"225\" height=\"300\" srcset=\"https:\/\/linitiative.ca\/International\/wp-content\/uploads\/sites\/23\/2022\/03\/3-2-225x300-1.jpg 225w, https:\/\/www.sidwaya.info\/wp-content\/uploads\/2022\/03\/3-2-150x200.jpg 150w, https:\/\/www.sidwaya.info\/wp-content\/uploads\/2022\/03\/3-2-300x400.jpg 300w, https:\/\/www.sidwaya.info\/wp-content\/uploads\/2022\/03\/3-2-315x420.jpg 315w, https:\/\/www.sidwaya.info\/wp-content\/uploads\/2022\/03\/3-2.jpg 446w\" sizes=\"auto, (max-width: 225px) 100vw, 225px\"> <strong>Ismaila Kiemtor\u00e9<\/strong> ,\u00e9tudiant en Lettres modernes : \u00ab J\u2019approuve enti\u00e8rement le contenu de cette charte \u00bb \u00ab J\u2019approuve enti\u00e8rement le contenu de cette Charte. Parce qu\u2019elle est ambitieuse, rigoureuse et prend en compte les pr\u00e9occupations de toutes les couches de la soci\u00e9t\u00e9. Je pense que cette Charte a \u00e9t\u00e9 propos\u00e9e pour aider le pr\u00e9sident Paul-Henri Damiba \u00e0 bien mener sa mission de restauration de l\u2019int\u00e9grit\u00e9 du territoire du pays comme l\u2019indique le nom de son mouvement. Le nombre de ministres et de d\u00e9put\u00e9s me semble aussi raisonnable. Ils connaissent sans doute le nombre d\u2019acteurs dont ils ont besoin pour mener \u00e0 bien leurs missions \u00bb.<\/p>\n<p><strong><img decoding=\"async\" loading=\"lazy\" class=\"size-medium wp-image-46254 alignright\" src=\"https:\/\/linitiative.ca\/International\/wp-content\/uploads\/sites\/23\/2022\/03\/4-2-225x300-1.jpg\" alt=\"\" width=\"225\" height=\"300\" srcset=\"https:\/\/linitiative.ca\/International\/wp-content\/uploads\/sites\/23\/2022\/03\/4-2-225x300-1.jpg 225w, https:\/\/www.sidwaya.info\/wp-content\/uploads\/2022\/03\/4-2-150x200.jpg 150w, https:\/\/www.sidwaya.info\/wp-content\/uploads\/2022\/03\/4-2-300x400.jpg 300w, https:\/\/www.sidwaya.info\/wp-content\/uploads\/2022\/03\/4-2-315x420.jpg 315w, https:\/\/www.sidwaya.info\/wp-content\/uploads\/2022\/03\/4-2.jpg 446w\" sizes=\"auto, (max-width: 225px) 100vw, 225px\">Issouf Lingani,<\/strong> citoyen : \u00ab La dur\u00e9e est assez raisonnable \u00bb \u00ab Il faut dire que c\u2019est la premi\u00e8re fois dans l\u2019histoire. Donc, c\u2019est \u00e0 saluer pour avoir r\u00e9duit le nombre de ministres compar\u00e9 \u00e0 celui des ann\u00e9es ant\u00e9rieures. Cela va r\u00e9duire les d\u00e9penses et permettre au pays d\u2019\u00e9conomiser en quelque sorte, surtout que notre pays a du mal \u00e0 se d\u00e9velopper. La dur\u00e9e est assez raisonnable. Si les trois ann\u00e9es leur permettent de lutter contre le terrorisme, ils peuvent y aller. Si au bout de trois ans nous voyons que l\u2019objectif de d\u00e9part a \u00e9t\u00e9 atteint, pourquoi ne pas les laisser continuer \u00e0 g\u00e9rer les affaires de l\u2019Etat ? \u00bb<\/p>\n<p><strong><img decoding=\"async\" loading=\"lazy\" class=\"size-medium wp-image-46255 alignleft\" src=\"https:\/\/linitiative.ca\/International\/wp-content\/uploads\/sites\/23\/2022\/03\/5-225x300-1.jpg\" alt=\"\" width=\"225\" height=\"300\" srcset=\"https:\/\/linitiative.ca\/International\/wp-content\/uploads\/sites\/23\/2022\/03\/5-225x300-1.jpg 225w, https:\/\/www.sidwaya.info\/wp-content\/uploads\/2022\/03\/5-150x200.jpg 150w, https:\/\/www.sidwaya.info\/wp-content\/uploads\/2022\/03\/5-300x400.jpg 300w, https:\/\/www.sidwaya.info\/wp-content\/uploads\/2022\/03\/5-315x420.jpg 315w, https:\/\/www.sidwaya.info\/wp-content\/uploads\/2022\/03\/5.jpg 446w\" sizes=\"auto, (max-width: 225px) 100vw, 225px\">Richard Silga<\/strong>, artiste-musicien, coordonnateur de Tous unis pour un Burkina apais\u00e9 (TOUBA) : \u00ab le Burkina Faso est \u00e0 la crois\u00e9e des chemins \u00bb. \u00ab En tant que membre de la soci\u00e9t\u00e9 civile, de nombreuses d\u00e9cisions ont \u00e9t\u00e9 prises sans nous avoir consult\u00e9s. Mais, si lors des assises nationales, ils ont tenu compte de notre environnement sociologique et culturel, c\u2019est tant mieux. Il faut tenir compte de la r\u00e9alit\u00e9 du pays en r\u00e9digeant la Charte et ne pas juste adopter les d\u00e9cisions, juste pour les adopter. Car, cela nous ram\u00e8nera \u00e0 la case de d\u00e9part. Il faut associer toutes les composantes. Comme tous les autres pays, le Burkina Faso est \u00e0 la crois\u00e9e des chemins. Toute d\u00e9cision qui doit \u00eatre prise doit tenir compte de ses aspects sociologiques et culturels. Je me demande si des hommes de culture ont \u00e9t\u00e9 impliqu\u00e9s dans l\u2019\u00e9laboration de la Charte. Cela est tr\u00e8s important pour moi. Le Burkina a surv\u00e9cu depuis la nuit des temps gr\u00e2ce \u00e0 ses diff\u00e9rentes ethnies qui composent la culture. Si dans la Charte, notre souverainet\u00e9 a \u00e9t\u00e9 maintenue, je suis tout \u00e0 fait d\u2019accord. Nous demandons \u00e0 ces autorit\u00e9s de la Transition de mettre \u00e0 l\u2019\u00e9cart toutes ces personnes qui tendent \u00e0 se remplir les poches et prendre plut\u00f4t en compte toutes les composantes de la soci\u00e9t\u00e9 \u00bb.<\/p>\n<p style=\"text-align: right\"><strong>Propos recueillis par<\/strong><\/p>\n<p style=\"text-align: right\"><strong> Souma\u00efla BONKOUNGOU &amp; <\/strong><\/p>\n<p style=\"text-align: right\"><strong>Miri\u00e8ne OUEDRAOGO<\/strong><\/p>\n<p>L\u2019article <a rel=\"nofollow\" href=\"https:\/\/www.sidwaya.info\/blog\/2022\/03\/01\/adoption-de-la-charte-de-la-transition-des-burkinabe-se-prononcent\/\">Adoption de la Charte de la Transition  : des burkinab\u00e8 se prononcent<\/a> est apparu en premier sur <a rel=\"nofollow\" href=\"https:\/\/www.sidwaya.info\/\">Quotidien Sidwaya<\/a>.<\/p>\n<\/div>\n<p>Auteur: JK. Sidwaya<br \/>\n<a href=\"https:\/\/www.sidwaya.info\/blog\/2022\/03\/01\/adoption-de-la-charte-de-la-transition-des-burkinabe-se-prononcent\/?utm_source=rss&#038;utm_medium=rss&#038;utm_campaign=adoption-de-la-charte-de-la-transition-des-burkinabe-se-prononcent\">Cliquez ici pour lire l&rsquo;article depuis sa source.<\/a><\/p>\n","protected":false},"excerpt":{"rendered":"<p>A la suite de l\u2019adoption de la Charte et de l\u2019Agenda de la Transition par les forces vives, des citoyens burkinab\u00e8 ont donn\u00e9 leurs appr\u00e9ciations sur la dur\u00e9e de la Transition et le contenu de la Charte, le lundi 1er mars 2022, \u00e0 Ouagadougou. Arouna Sawadogo, \u00e9tudiant en Histoire et Arch\u00e9ologie : \u00ab Le nombre [&hellip;]<\/p>\n","protected":false},"author":1816,"featured_media":0,"comment_status":"closed","ping_status":"closed","sticky":false,"template":"","format":"standard","meta":{"fifu_image_url":"https:\/\/www.sidwaya.info\/wp-content\/uploads\/2022\/03\/1-4-225x300.jpg","fifu_image_alt":"Adoption de la Charte de la Transition  : des burkinab\u00e8 se prononcent","footnotes":""},"categories":[73,81],"tags":[],"class_list":["post-142049","post","type-post","status-publish","format-standard","hentry","category-actualite","category-burkina-faso"],"_links":{"self":[{"href":"https:\/\/linitiative.ca\/International\/wp-json\/wp\/v2\/posts\/142049","targetHints":{"allow":["GET"]}}],"collection":[{"href":"https:\/\/linitiative.ca\/International\/wp-json\/wp\/v2\/posts"}],"about":[{"href":"https:\/\/linitiative.ca\/International\/wp-json\/wp\/v2\/types\/post"}],"author":[{"embeddable":true,"href":"https:\/\/linitiative.ca\/International\/wp-json\/wp\/v2\/users\/1816"}],"replies":[{"embeddable":true,"href":"https:\/\/linitiative.ca\/International\/wp-json\/wp\/v2\/comments?post=142049"}],"version-history":[{"count":0,"href":"https:\/\/linitiative.ca\/International\/wp-json\/wp\/v2\/posts\/142049\/revisions"}],"wp:attachment":[{"href":"https:\/\/linitiative.ca\/International\/wp-json\/wp\/v2\/media?parent=142049"}],"wp:term":[{"taxonomy":"category","embeddable":true,"href":"https:\/\/linitiative.ca\/International\/wp-json\/wp\/v2\/categories?post=142049"},{"taxonomy":"post_tag","embeddable":true,"href":"https:\/\/linitiative.ca\/International\/wp-json\/wp\/v2\/tags?post=142049"}],"curies":[{"name":"wp","href":"https:\/\/api.w.org\/{rel}","templated":true}]}}