{"id":142055,"date":"2022-03-01T17:24:07","date_gmt":"2022-03-01T22:24:07","guid":{"rendered":"https:\/\/linitiative.ca\/International\/deces-de-kassoum-kambou-hommage-a-un-infatigable-serviteur\/"},"modified":"2022-03-01T17:24:07","modified_gmt":"2022-03-01T22:24:07","slug":"deces-de-kassoum-kambou-hommage-a-un-infatigable-serviteur","status":"publish","type":"post","link":"https:\/\/linitiative.ca\/International\/deces-de-kassoum-kambou-hommage-a-un-infatigable-serviteur\/","title":{"rendered":"D\u00e9c\u00e8s de Kassoum Kambou  : hommage \u00e0 un \u00ab infatigable serviteur \u00bb"},"content":{"rendered":"<div>\n<p><strong>La Nation burkinab\u00e8 a rendu hommage \u00e0 Kassoum Kambou, pr\u00e9sident du Conseil constitutionnel, d\u00e9c\u00e9d\u00e9 le 19 f\u00e9vrier dernier \u00e0 Paris, dans la matin\u00e9e du 1er mars 2022 \u00e0 la place de la Nation avant son inhumation au cimeti\u00e8re municipal de Gounghin.<\/strong><\/p>\n<p><img decoding=\"async\" loading=\"lazy\" class=\"size-medium wp-image-46260 alignleft\" src=\"https:\/\/linitiative.ca\/International\/wp-content\/uploads\/sites\/23\/2022\/03\/2-3-300x200-1.jpg\" alt=\"\" width=\"300\" height=\"200\" srcset=\"https:\/\/linitiative.ca\/International\/wp-content\/uploads\/sites\/23\/2022\/03\/2-3-300x200-1.jpg 300w, https:\/\/www.sidwaya.info\/wp-content\/uploads\/2022\/03\/2-3-150x100.jpg 150w, https:\/\/www.sidwaya.info\/wp-content\/uploads\/2022\/03\/2-3.jpg 595w\" sizes=\"auto, (max-width: 300px) 100vw, 300px\">L\u2019ambiance \u00e9tait remplie d\u2019\u00e9motion dans la matin\u00e9e du mardi 1er mars 2022 \u00e0 la place de la Nation de Ouagadougou. En effet, c\u2019est l\u00e0 que la Nation burkinab\u00e8 a rendu hommage \u00e0 Kassoum Kambou, pr\u00e9sident du Conseil constitutionnel (CC) d\u00e9c\u00e9d\u00e9 le 19 f\u00e9vrier 2022 \u00e0 Paris en France. Au cours d\u2019une c\u00e9r\u00e9monie sobre pr\u00e9sid\u00e9e par le pr\u00e9sident du Faso, le lieutenant-colonel Paul-Henri Sandaogo Damiba, l\u2019ensemble des forces vives de la Nation se sont inclin\u00e9es devant la m\u00e9moire de ce \u00ab grand homme \u00bb qui a servi pendant plus de 2\/3 de sa vie, soit environ 40 ans, l\u2019Etat burkinab\u00e8. Parents, coll\u00e8gues, amis, tous ont reconnu le professionnalisme, l\u2019int\u00e9grit\u00e9 et la rigueur dont faisait montre l\u2019illustre disparu. Tr\u00e8s attrist\u00e9e par le d\u00e9part de leur coll\u00e8gue juriste, la grande famille des magistrats s\u2019est dit tout de m\u00eame consol\u00e9e par le parcours hors du commun du pr\u00e9sident Kassoum qui servira de boussole pour plusieurs g\u00e9n\u00e9rations. Des confidences faites par le pr\u00e9sident du Conseil sup\u00e9rieur de la magistrature (CSM), Mazob\u00e9 Jean Kond\u00e9, il ressort que le d\u00e9funt a \u00e9t\u00e9 un infatigable serviteur de l\u2019Etat. Magistrat chevronn\u00e9 aux analyses lucides, au verbe mesur\u00e9 et \u00e0 la plume raffin\u00e9e, le parcours professionnel de Kassoum Kambou est pour M. Kond\u00e9 un v\u00e9ritable exemple d\u2019abn\u00e9gation au travail. En effet, ayant d\u00e9but\u00e9 sa carri\u00e8re professionnelle en 1981 comme magistrat int\u00e9rimaire au Tribunal de grande instance (TGI) de Ouagadougou, il a gravi par la suite tous les \u00e9chelons de la profession de magistrat jusqu\u2019\u00e0 celui de pr\u00e9sident du CC.<\/p>\n<h2><strong>Des qualit\u00e9s unanimement reconnues<\/strong><\/h2>\n<p>Travailleur m\u00e9thodique, sobre et discret, Kassoum Kambou puisait son \u00e9nergie, selon Mazob\u00e9 Jean Kond\u00e9, dans son amour pour le genre humain et son attachement \u00e0 la d\u00e9fense des droits de l\u2019homme. Toute chose qui lui a valu, a-t-il rappel\u00e9, des tracasseries pendant de longues ann\u00e9es jusqu\u2019\u00e0 l\u2019insurrection populaire des 30 et 31 octobre 2014 o\u00f9 son m\u00e9rite a \u00e9t\u00e9 reconnu avec sa nomination \u00e0 la t\u00eate du CC. En plus de son parcours professionnel exceptionnel, l\u2019homme que le monde judiciaire pleure aujourd\u2019hui a marqu\u00e9 ses coll\u00e8gues par la simplicit\u00e9 de son abord et la chaleur qu\u2019il mettait dans les rapports humains. \u00ab Il savait cr\u00e9er avec chacun des relations amicales de travail et de confiance. Je garde en m\u00e9moire sa grande courtoisie, sa s\u00e9r\u00e9nit\u00e9 de tout instant et sa dignit\u00e9 jamais prise \u00e0 d\u00e9faut \u00bb, a t\u00e9moign\u00e9 le pr\u00e9sident du CSM. A titre personnel, Mazob\u00e9 Jean Kond\u00e9 a dit retenir de l\u2019illustre disparu un ain\u00e9 d\u2019une agr\u00e9able compagnie, un homme qui vous marque d\u00e8s la premi\u00e8re rencontre et vous laisse une impression ind\u00e9l\u00e9bile du sentiment m\u00eal\u00e9 d\u2019affection et de respect.<\/p>\n<p>\u00ab Kassoum Kambou avait de la tenue et de la retenue parce qu\u2019il \u00e9tait conscient des r\u00e8gles d\u2019\u00e9thique et la gravit\u00e9 des charges qui incombent \u00e0 tout serviteur de l\u2019Etat. Du d\u00e9but \u00e0 la fin, sa carri\u00e8re professionnelle r\u00e9sonne comme une formidable le\u00e7on de d\u00e9ontologie post- mortelle pour tout magistrat et au-del\u00e0 pour tout agent public soucieux du bien commun \u00bb, a-t-il d\u00e9clar\u00e9. Les qualit\u00e9s humaines et professionnelles du d\u00e9funt pr\u00e9sident du CC cont\u00e9es par son homologue du CSM ont aussi \u00e9t\u00e9 relev\u00e9es par les membres de son institution au cours de l\u2019oraison fun\u00e8bre qui a pr\u00e9c\u00e9d\u00e9 son enterrement au cimeti\u00e8re municipal de Gounghin. Aux dires de son coll\u00e8gue Boura\u00efma Ciss\u00e9, doyen des membres du CC, ce sont ces qualit\u00e9s qui lui ont permis de relever les grands d\u00e9fis qui se sont pr\u00e9sent\u00e9s \u00e0 lui en tant que premier responsable de la plus haute institution judiciaire. Il a cit\u00e9, entre autres, l\u2019organisation des \u00e9lections coupl\u00e9es de 2015 \u00e0 la suite de l\u2019insurrection populaire de 2014 et celles de 2020 qui, a-t-il rappel\u00e9, se sont tenues dans un contexte s\u00e9curitaire et sanitaire difficile. De ce qu\u2019il a dit, Kassoum Kambou savait donner du rythme aux travaux du Conseil. C\u2019est pourquoi, \u00ab l\u2019annonce de sa disparition a cr\u00e9\u00e9 une immense d\u00e9solation au sein du CC et dans la grande famille judiciaire qui avait encore besoin de lui \u00bb.<\/p>\n<h2><strong>Un p\u00e8re exceptionnel<\/strong><\/h2>\n<p>A entendre le doyen des membres du CC, les \u00e9chos sur l\u2019\u00e9tat de sant\u00e9 du pr\u00e9sident Kambou \u00e0 la suite de son hospitalisation le 30 novembre 2021 inqui\u00e9taient plus d\u2019un. Mais, a-t-il indiqu\u00e9, son \u00e9vacuation \u00e0 Paris le 18 f\u00e9vrier dernier avait suscit\u00e9 de l\u2019espoir pour ses coll\u00e8gues qui esp\u00e9raient le retrouver en bonne sant\u00e9. Malheureusement, \u00ab Dieu en a d\u00e9cid\u00e9 autrement et nous devons nous soumettre \u00e0 sa volont\u00e9 \u00bb, a invit\u00e9 M. Ciss\u00e9. Il s\u2019est dit convaincu que sa riche carri\u00e8re professionnelle et la joie qu\u2019il a sem\u00e9e dans les c\u0153urs serviront de boussole pour ses coll\u00e8gues et les jeunes magistrats. En plus d\u2019avoir \u00e9t\u00e9 un coll\u00e8gue exemplaire, Kassoum Kambou a \u00e9t\u00e9 aussi un p\u00e8re exceptionnel.<\/p>\n<p>En t\u00e9moignent ces mots prononc\u00e9s \u00e0 sa m\u00e9moire par sa fille \u00e0 la c\u00e9r\u00e9monie d\u2019hommage : \u00ab Tu as \u00e9t\u00e9 aux bons soins de ta petite famille et pr\u00e9sent \u00e0 chaque instant de nos vies. Tu nous as \u00e9duqu\u00e9s dans l\u2019amour et tu as mis un point d\u2019honneur \u00e0 nous inculquer des valeurs nobles et droites \u00bb. La petite Kadi s\u2019est dit fi\u00e8re des qualit\u00e9s professionnelles et humaines de son d\u00e9funt p\u00e8re qui ont \u00e9t\u00e9 unanimement reconnues. \u00ab Tu as \u00e9t\u00e9 un grand magistrat et un exemple d\u2019int\u00e9grit\u00e9. Aujourd\u2019hui, nous sommes en peine mais sache que nous sommes tr\u00e8s fiers de toi et pour toutes ces valeurs que tu nous as transmises. Nous n\u2019aurions pas pu r\u00eaver meilleur p\u00e8re que toi. Tu as \u00e9t\u00e9 un mentor et un mod\u00e8le. Tu nous as donn\u00e9 les cl\u00e9s pour affronter sereinement ce monde et r\u00e9ussir notre vision \u00bb, a-t-elle salu\u00e9. Elle a par ailleurs traduit sa reconnaissance au pr\u00e9sident du Faso, aux membres du CC et \u00e0 l\u2019ensemble des forces vives du Burkina qui se sont mobilis\u00e9es pour rendre hommage \u00e0 son g\u00e9niteur. Elle a \u00e9t\u00e9 suivie dans cet \u00e9lan par le repr\u00e9sentant de la famille, Sansan Jean Dah, qui a \u00e9galement exprim\u00e9 la reconnaissance de la famille du disparu \u00e0 l\u2019Etat burkinab\u00e8 pour le soutien dont elle a b\u00e9n\u00e9fici\u00e9 \u00e0 la suite du d\u00e9c\u00e8s de leur fils, fr\u00e8re, p\u00e8re, \u00e9poux, grand-p\u00e8re\u2026 Il a pri\u00e9 pour que la terre du Burkina Faso lui soit l\u00e9g\u00e8re et que de l\u00e0 o\u00f9 il est, il veille sur sa famille biologique et judiciaire.<\/p>\n<p style=\"text-align: right\"><strong>Nad\u00e8ge YAMEOGO <\/strong><\/p>\n<p style=\"text-align: right\"><strong>Alice SAWADOGO (Stagiaire)<\/strong><\/p>\n<p>L\u2019article <a rel=\"nofollow\" href=\"https:\/\/www.sidwaya.info\/blog\/2022\/03\/01\/deces-de-kassoum-kambou-hommage-a-un-infatigable-serviteur\/\">D\u00e9c\u00e8s de Kassoum Kambou  : hommage \u00e0 un \u00ab infatigable serviteur \u00bb<\/a> est apparu en premier sur <a rel=\"nofollow\" href=\"https:\/\/www.sidwaya.info\/\">Quotidien Sidwaya<\/a>.<\/p>\n<\/div>\n<p>Auteur: JK. Sidwaya<br \/>\n<a href=\"https:\/\/www.sidwaya.info\/blog\/2022\/03\/01\/deces-de-kassoum-kambou-hommage-a-un-infatigable-serviteur\/?utm_source=rss&#038;utm_medium=rss&#038;utm_campaign=deces-de-kassoum-kambou-hommage-a-un-infatigable-serviteur\">Cliquez ici pour lire l&rsquo;article depuis sa source.<\/a><\/p>\n","protected":false},"excerpt":{"rendered":"<p>La Nation burkinab\u00e8 a rendu hommage \u00e0 Kassoum Kambou, pr\u00e9sident du Conseil constitutionnel, d\u00e9c\u00e9d\u00e9 le 19 f\u00e9vrier dernier \u00e0 Paris, dans la matin\u00e9e du 1er mars 2022 \u00e0 la place de la Nation avant son inhumation au cimeti\u00e8re municipal de Gounghin. L\u2019ambiance \u00e9tait remplie d\u2019\u00e9motion dans la matin\u00e9e du mardi 1er mars 2022 \u00e0 la [&hellip;]<\/p>\n","protected":false},"author":1816,"featured_media":0,"comment_status":"closed","ping_status":"closed","sticky":false,"template":"","format":"standard","meta":{"fifu_image_url":"https:\/\/www.sidwaya.info\/wp-content\/uploads\/2022\/03\/2-3-300x200.jpg","fifu_image_alt":"D\u00e9c\u00e8s de Kassoum Kambou  : hommage \u00e0 un \u00ab infatigable serviteur \u00bb","footnotes":""},"categories":[73,81],"tags":[],"class_list":["post-142055","post","type-post","status-publish","format-standard","hentry","category-actualite","category-burkina-faso"],"_links":{"self":[{"href":"https:\/\/linitiative.ca\/International\/wp-json\/wp\/v2\/posts\/142055","targetHints":{"allow":["GET"]}}],"collection":[{"href":"https:\/\/linitiative.ca\/International\/wp-json\/wp\/v2\/posts"}],"about":[{"href":"https:\/\/linitiative.ca\/International\/wp-json\/wp\/v2\/types\/post"}],"author":[{"embeddable":true,"href":"https:\/\/linitiative.ca\/International\/wp-json\/wp\/v2\/users\/1816"}],"replies":[{"embeddable":true,"href":"https:\/\/linitiative.ca\/International\/wp-json\/wp\/v2\/comments?post=142055"}],"version-history":[{"count":0,"href":"https:\/\/linitiative.ca\/International\/wp-json\/wp\/v2\/posts\/142055\/revisions"}],"wp:attachment":[{"href":"https:\/\/linitiative.ca\/International\/wp-json\/wp\/v2\/media?parent=142055"}],"wp:term":[{"taxonomy":"category","embeddable":true,"href":"https:\/\/linitiative.ca\/International\/wp-json\/wp\/v2\/categories?post=142055"},{"taxonomy":"post_tag","embeddable":true,"href":"https:\/\/linitiative.ca\/International\/wp-json\/wp\/v2\/tags?post=142055"}],"curies":[{"name":"wp","href":"https:\/\/api.w.org\/{rel}","templated":true}]}}