{"id":142058,"date":"2022-03-01T17:31:05","date_gmt":"2022-03-01T22:31:05","guid":{"rendered":"https:\/\/linitiative.ca\/International\/administration-territoriale-neuf-gouverneurs-nommes\/"},"modified":"2022-03-01T17:31:05","modified_gmt":"2022-03-01T22:31:05","slug":"administration-territoriale-neuf-gouverneurs-nommes","status":"publish","type":"post","link":"https:\/\/linitiative.ca\/International\/administration-territoriale-neuf-gouverneurs-nommes\/","title":{"rendered":"Administration territoriale  : Neuf  gouverneurs nomm\u00e9s"},"content":{"rendered":"<div>\n<p><strong>Le pr\u00e9sident du Mouvement patriotique pour la sauvegarde et la restauration (MPSR), pr\u00e9sident du Faso, chef de l\u2019Etat, Paul-Henri Sandaogo Damiba, a nomm\u00e9 par d\u00e9cret de nouveaux gouverneurs \u00e0 la t\u00eate de neuf r\u00e9gions du Burkina Faso (Boucle du Mouhoun, Nord, Sahel, Est, Centre-Nord, Centre-Est, Sud-Ouest, Cascades, Hauts-Bassins)<\/strong><\/p>\n<p><a href=\"https:\/\/www.sidwaya.info\/wp-content\/uploads\/2022\/03\/De%CC%81cret-nomination-Gouverneurs-1.pdf\">De\u0301cret nomination Gouverneurs 1<\/a><\/p>\n<p>L\u2019article <a rel=\"nofollow\" href=\"https:\/\/www.sidwaya.info\/blog\/2022\/03\/01\/administration-territoriale-neuf-gouverneurs-nommes\/\">Administration territoriale  : Neuf  gouverneurs nomm\u00e9s<\/a> est apparu en premier sur <a rel=\"nofollow\" href=\"https:\/\/www.sidwaya.info\/\">Quotidien Sidwaya<\/a>.<\/p>\n<\/div>\n<p>Auteur: JK. Sidwaya<br \/>\n<a href=\"https:\/\/www.sidwaya.info\/blog\/2022\/03\/01\/administration-territoriale-neuf-gouverneurs-nommes\/?utm_source=rss&#038;utm_medium=rss&#038;utm_campaign=administration-territoriale-neuf-gouverneurs-nommes\">Cliquez ici pour lire l&rsquo;article depuis sa source.<\/a><\/p>\n","protected":false},"excerpt":{"rendered":"<p>Le pr\u00e9sident du Mouvement patriotique pour la sauvegarde et la restauration (MPSR), pr\u00e9sident du Faso, chef de l\u2019Etat, Paul-Henri Sandaogo Damiba, a nomm\u00e9 par d\u00e9cret de nouveaux gouverneurs \u00e0 la t\u00eate de neuf r\u00e9gions du Burkina Faso (Boucle du Mouhoun, Nord, Sahel, Est, Centre-Nord, Centre-Est, Sud-Ouest, Cascades, Hauts-Bassins) De\u0301cret nomination Gouverneurs 1 L\u2019article Administration territoriale [&hellip;]<\/p>\n","protected":false},"author":1816,"featured_media":0,"comment_status":"closed","ping_status":"closed","sticky":false,"template":"","format":"standard","meta":{"fifu_image_url":"","fifu_image_alt":"","footnotes":""},"categories":[73,81],"tags":[],"class_list":["post-142058","post","type-post","status-publish","format-standard","hentry","category-actualite","category-burkina-faso"],"_links":{"self":[{"href":"https:\/\/linitiative.ca\/International\/wp-json\/wp\/v2\/posts\/142058","targetHints":{"allow":["GET"]}}],"collection":[{"href":"https:\/\/linitiative.ca\/International\/wp-json\/wp\/v2\/posts"}],"about":[{"href":"https:\/\/linitiative.ca\/International\/wp-json\/wp\/v2\/types\/post"}],"author":[{"embeddable":true,"href":"https:\/\/linitiative.ca\/International\/wp-json\/wp\/v2\/users\/1816"}],"replies":[{"embeddable":true,"href":"https:\/\/linitiative.ca\/International\/wp-json\/wp\/v2\/comments?post=142058"}],"version-history":[{"count":0,"href":"https:\/\/linitiative.ca\/International\/wp-json\/wp\/v2\/posts\/142058\/revisions"}],"wp:attachment":[{"href":"https:\/\/linitiative.ca\/International\/wp-json\/wp\/v2\/media?parent=142058"}],"wp:term":[{"taxonomy":"category","embeddable":true,"href":"https:\/\/linitiative.ca\/International\/wp-json\/wp\/v2\/categories?post=142058"},{"taxonomy":"post_tag","embeddable":true,"href":"https:\/\/linitiative.ca\/International\/wp-json\/wp\/v2\/tags?post=142058"}],"curies":[{"name":"wp","href":"https:\/\/api.w.org\/{rel}","templated":true}]}}