{"id":142059,"date":"2022-03-01T12:18:03","date_gmt":"2022-03-01T17:18:03","guid":{"rendered":"https:\/\/linitiative.ca\/International\/cameroun-je-mesure-le-sens-des-responsabilites-rigobert-song\/"},"modified":"2022-03-01T12:18:03","modified_gmt":"2022-03-01T17:18:03","slug":"cameroun-je-mesure-le-sens-des-responsabilites-rigobert-song","status":"publish","type":"post","link":"https:\/\/linitiative.ca\/International\/cameroun-je-mesure-le-sens-des-responsabilites-rigobert-song\/","title":{"rendered":"Cameroun : \u00ab je mesure le sens des responsabilit\u00e9s \u00bb (Rigobert Song)"},"content":{"rendered":"<div>\n<p>Le nouveau s\u00e9lectionneur de l\u2019\u00e9quipe nationale de football du Cameroun a promis de tout donner pour m\u00e9riter la confiance plac\u00e9e en lui.Depuis hier, Rigobert Song est l\u2019entra\u00eeneur des Lions indomptables en remplacement du Portugais Ant\u00f3nio Concei\u00e7\u00e3o. Quand il \u00e9tait un joueur en activit\u00e9, le rugueux d\u00e9fenseur central a su gagner le respect de ses compatriotes par son engagement sans faille dans la tani\u00e8re.<\/p>\n<p>Song, le recordman de s\u00e9lections (137), entend s\u2019inscrire dans la continuit\u00e9 pour atteindre ses objectifs. L\u2019ancien soci\u00e9taire du Racing Club de Lens (France) se dit \u00ab honor\u00e9 d\u2019avoir \u00e9t\u00e9 choisi pour encadrer l\u2019\u00e9quipe\u00a0fanion \u00bb de son pays.<\/p>\n<p>\u00a0\u00ab Au-del\u00e0 du privil\u00e8ge et\u00a0de\u00a0la joie\u00a0\u00bb, le vainqueur de la Coupe d\u2019Afrique des nations en 2000 et 2002 sait qu\u2019il sera jug\u00e9 \u00e0 l\u2019aune des r\u00e9sultats sur le terrain : \u00ab Mon staff et moi avons besoin du soutien et des pri\u00e8res des millions de Camerounais pour \u00e9crire de nouvelles pages de la mythique histoire des Lions\u00a0indomptables \u00bb.<\/p>\n<p>L\u2019aventure d\u00e9marre tr\u00e8s bient\u00f4t. Le Cameroun doit se d\u00e9faire, les 26 et 29 mars prochain, de l\u2019Alg\u00e9rie pour se qualifier \u00e0 la Coupe du monde Qatar 2022 apr\u00e8s avoir rat\u00e9 l\u2019\u00e9dition pr\u00e9c\u00e9dente en Russie.<\/p>\n<p>Cet article <a rel=\"nofollow\" href=\"https:\/\/www.journalducameroun.com\/cameroun-je-mesure-le-sens-des-responsabilites-rigobert-song\/\">Cameroun : \u00ab je mesure le sens des responsabilit\u00e9s \u00bb (Rigobert Song)<\/a> est apparu en premier sur <a rel=\"nofollow\" href=\"https:\/\/www.journalducameroun.com\/\">Journal du Cameroun<\/a>.<\/p>\n<\/div>\n<p>Auteur: APA News<br \/>\n<a href=\"https:\/\/www.journalducameroun.com\/cameroun-je-mesure-le-sens-des-responsabilites-rigobert-song\/\">Cliquez ici pour lire l&rsquo;article depuis sa source.<\/a><\/p>\n","protected":false},"excerpt":{"rendered":"<p>Le nouveau s\u00e9lectionneur de l\u2019\u00e9quipe nationale de football du Cameroun a promis de tout donner pour m\u00e9riter la confiance plac\u00e9e en lui.Depuis hier, Rigobert Song est l\u2019entra\u00eeneur des Lions indomptables en remplacement du Portugais Ant\u00f3nio Concei\u00e7\u00e3o. Quand il \u00e9tait un joueur en activit\u00e9, le rugueux d\u00e9fenseur central a su gagner le respect de ses compatriotes [&hellip;]<\/p>\n","protected":false},"author":1965,"featured_media":0,"comment_status":"closed","ping_status":"closed","sticky":false,"template":"","format":"standard","meta":{"fifu_image_url":"","fifu_image_alt":"","footnotes":""},"categories":[73,82],"tags":[],"class_list":["post-142059","post","type-post","status-publish","format-standard","hentry","category-actualite","category-cameroun"],"_links":{"self":[{"href":"https:\/\/linitiative.ca\/International\/wp-json\/wp\/v2\/posts\/142059","targetHints":{"allow":["GET"]}}],"collection":[{"href":"https:\/\/linitiative.ca\/International\/wp-json\/wp\/v2\/posts"}],"about":[{"href":"https:\/\/linitiative.ca\/International\/wp-json\/wp\/v2\/types\/post"}],"author":[{"embeddable":true,"href":"https:\/\/linitiative.ca\/International\/wp-json\/wp\/v2\/users\/1965"}],"replies":[{"embeddable":true,"href":"https:\/\/linitiative.ca\/International\/wp-json\/wp\/v2\/comments?post=142059"}],"version-history":[{"count":0,"href":"https:\/\/linitiative.ca\/International\/wp-json\/wp\/v2\/posts\/142059\/revisions"}],"wp:attachment":[{"href":"https:\/\/linitiative.ca\/International\/wp-json\/wp\/v2\/media?parent=142059"}],"wp:term":[{"taxonomy":"category","embeddable":true,"href":"https:\/\/linitiative.ca\/International\/wp-json\/wp\/v2\/categories?post=142059"},{"taxonomy":"post_tag","embeddable":true,"href":"https:\/\/linitiative.ca\/International\/wp-json\/wp\/v2\/tags?post=142059"}],"curies":[{"name":"wp","href":"https:\/\/api.w.org\/{rel}","templated":true}]}}