{"id":142062,"date":"2022-03-01T14:18:03","date_gmt":"2022-03-01T19:18:03","guid":{"rendered":"https:\/\/linitiative.ca\/International\/maroc-fin-de-la-vague-omicron-ministere\/"},"modified":"2022-03-01T14:18:03","modified_gmt":"2022-03-01T19:18:03","slug":"maroc-fin-de-la-vague-omicron-ministere","status":"publish","type":"post","link":"https:\/\/linitiative.ca\/International\/maroc-fin-de-la-vague-omicron-ministere\/","title":{"rendered":"Maroc: fin de la vague Omicron (minist\u00e8re)"},"content":{"rendered":"<div>\n<p><img decoding=\"async\" width=\"1280\" height=\"852\" src=\"https:\/\/linitiative.ca\/International\/wp-content\/uploads\/sites\/23\/2022\/03\/16461622846018.jpg\" class=\"attachment-post-thumbnail size-post-thumbnail wp-post-image\" alt=\"\" loading=\"lazy\" srcset=\"https:\/\/linitiative.ca\/International\/wp-content\/uploads\/sites\/23\/2022\/03\/16461622846018.jpg 1280w, https:\/\/www.journalducameroun.com\/wp-content\/uploads\/2022\/03\/16461622846018-300x200.jpg 300w, https:\/\/www.journalducameroun.com\/wp-content\/uploads\/2022\/03\/16461622846018-1024x682.jpg 1024w, https:\/\/www.journalducameroun.com\/wp-content\/uploads\/2022\/03\/16461622846018-768x511.jpg 768w, https:\/\/www.journalducameroun.com\/wp-content\/uploads\/2022\/03\/16461622846018-661x440.jpg 661w, https:\/\/www.journalducameroun.com\/wp-content\/uploads\/2022\/03\/16461622846018-600x399.jpg 600w\" sizes=\"auto, (max-width: 1280px) 100vw, 1280px\"><\/p>\n<p>Les autorit\u00e9s sanitaires marocaines ont annonc\u00e9, mardi, la fin de la vague \u00ab\u00a0Omicron\u00a0\u00bb, apr\u00e8s deux semaines cons\u00e9cutives de niveau vert et le d\u00e9but de la phase post-vague ou la troisi\u00e8me inter-p\u00e9riode.\u00a0\u00bbLa vague Omicron a \u00e9t\u00e9, comme pr\u00e9vu, une vague rapide et courte qui a dur\u00e9 11 semaines et a atteint son apog\u00e9e dans la semaine du 17 au 23 janvier 2022&Prime;, a indiqu\u00e9 le coordonnateur du Centre national des op\u00e9rations d&rsquo;urgence de sant\u00e9 publique du minist\u00e8re de la Sant\u00e9 et de la Protection sociale, Mouad Mrabet, dans sa pr\u00e9sentation du bilan bimensuel de la situation \u00e9pid\u00e9miologique au cours de la p\u00e9riode allant du 15 au 28 f\u00e9vrier 2022.<\/p>\n<p>Contrairement \u00e0 la vague \u00ab\u00a0Delta\u00a0\u00bb, la vague Omicron est moins virulente et moins l\u00e9tale, car le pourcentage de cas graves et critiques au cours de la vague Delta \u00e9tait de 4,3%, tandis que ce pourcentage \u00e9tait de 2% au cours de la vague Omicron, ce qui repr\u00e9sente moins plus de la moiti\u00e9, a pr\u00e9cis\u00e9 Mrabet.<\/p>\n<p>Ce mardi, le Maroc a enregistr\u00e9 un total de 156 cas d&rsquo;infection au Covid-19 et 6 nouveaux d\u00e9c\u00e8s.<\/p>\n<p>Cet article <a rel=\"nofollow\" href=\"https:\/\/www.journalducameroun.com\/maroc-fin-de-la-vague-omicron-ministere\/\">Maroc: fin de la vague Omicron (minist\u00e8re)<\/a> est apparu en premier sur <a rel=\"nofollow\" href=\"https:\/\/www.journalducameroun.com\/\">Journal du Cameroun<\/a>.<\/p>\n<\/div>\n<p>Auteur: APA News<br \/>\n<a href=\"https:\/\/www.journalducameroun.com\/maroc-fin-de-la-vague-omicron-ministere\/\">Cliquez ici pour lire l&rsquo;article depuis sa source.<\/a><\/p>\n","protected":false},"excerpt":{"rendered":"<p>Les autorit\u00e9s sanitaires marocaines ont annonc\u00e9, mardi, la fin de la vague \u00ab\u00a0Omicron\u00a0\u00bb, apr\u00e8s deux semaines cons\u00e9cutives de niveau vert et le d\u00e9but de la phase post-vague ou la troisi\u00e8me inter-p\u00e9riode.\u00a0\u00bbLa vague Omicron a \u00e9t\u00e9, comme pr\u00e9vu, une vague rapide et courte qui a dur\u00e9 11 semaines et a atteint son apog\u00e9e dans la semaine [&hellip;]<\/p>\n","protected":false},"author":1965,"featured_media":0,"comment_status":"closed","ping_status":"closed","sticky":false,"template":"","format":"standard","meta":{"fifu_image_url":"https:\/\/www.journalducameroun.com\/wp-content\/uploads\/2022\/03\/16461622846018.jpg","fifu_image_alt":"Maroc: fin de la vague Omicron (minist\u00e8re)","footnotes":""},"categories":[73,82],"tags":[],"class_list":["post-142062","post","type-post","status-publish","format-standard","hentry","category-actualite","category-cameroun"],"_links":{"self":[{"href":"https:\/\/linitiative.ca\/International\/wp-json\/wp\/v2\/posts\/142062","targetHints":{"allow":["GET"]}}],"collection":[{"href":"https:\/\/linitiative.ca\/International\/wp-json\/wp\/v2\/posts"}],"about":[{"href":"https:\/\/linitiative.ca\/International\/wp-json\/wp\/v2\/types\/post"}],"author":[{"embeddable":true,"href":"https:\/\/linitiative.ca\/International\/wp-json\/wp\/v2\/users\/1965"}],"replies":[{"embeddable":true,"href":"https:\/\/linitiative.ca\/International\/wp-json\/wp\/v2\/comments?post=142062"}],"version-history":[{"count":0,"href":"https:\/\/linitiative.ca\/International\/wp-json\/wp\/v2\/posts\/142062\/revisions"}],"wp:attachment":[{"href":"https:\/\/linitiative.ca\/International\/wp-json\/wp\/v2\/media?parent=142062"}],"wp:term":[{"taxonomy":"category","embeddable":true,"href":"https:\/\/linitiative.ca\/International\/wp-json\/wp\/v2\/categories?post=142062"},{"taxonomy":"post_tag","embeddable":true,"href":"https:\/\/linitiative.ca\/International\/wp-json\/wp\/v2\/tags?post=142062"}],"curies":[{"name":"wp","href":"https:\/\/api.w.org\/{rel}","templated":true}]}}