{"id":142064,"date":"2022-03-01T14:18:03","date_gmt":"2022-03-01T19:18:03","guid":{"rendered":"https:\/\/linitiative.ca\/International\/maroc-atelier-de-sensibilisation-des-medias-au-droit-et-a-la-politique-de-la-concurrence\/"},"modified":"2022-03-01T14:18:03","modified_gmt":"2022-03-01T19:18:03","slug":"maroc-atelier-de-sensibilisation-des-medias-au-droit-et-a-la-politique-de-la-concurrence","status":"publish","type":"post","link":"https:\/\/linitiative.ca\/International\/maroc-atelier-de-sensibilisation-des-medias-au-droit-et-a-la-politique-de-la-concurrence\/","title":{"rendered":"Maroc: Atelier de sensibilisation des m\u00e9dias au droit et \u00e0 la politique de la concurrence"},"content":{"rendered":"<div>\n<p><img decoding=\"async\" width=\"291\" height=\"173\" src=\"https:\/\/linitiative.ca\/International\/wp-content\/uploads\/sites\/23\/2022\/03\/16461622836189.jpg\" class=\"attachment-post-thumbnail size-post-thumbnail wp-post-image\" alt=\"\" loading=\"lazy\"><\/p>\n<p>Le Conseil de la Concurrence au Maroc organise, le 7 mars courant, un atelier de sensibilisation au droit et politique de la concurrence au profit des m\u00e9dias.Initi\u00e9 conjointement avec le Groupe de la Banque Mondiale et la participation de la Conf\u00e9rence des Nations Unies sur le Commerce et le D\u00e9veloppement \u00ab CNUCED \u00bb, cet atelier s&rsquo;inscrit dans le cadre de l&rsquo;approche p\u00e9dagogique du Conseil de la concurrence consistant \u00e0 associer les m\u00e9dias dans le processus de sensibilisation aux vertus d&rsquo;une concurrence libre et loyale, ainsi qu&rsquo;\u00e0 la promotion de la culture de la concurrence aupr\u00e8s des acteurs de l&rsquo;\u00e9cosyst\u00e8me concurrentiel et de l&rsquo;opinion publique, indique un communiqu\u00e9 du Conseil parvenu \u00e0 APA.<\/p>\n<p>Le but \u00e9tant d&rsquo;associer les m\u00e9dias pour valoriser l&rsquo;action du r\u00e9gulateur des march\u00e9s en faveur d&rsquo;un climat concurrentiel sain et de la protection du consommateur.<\/p>\n<p>Il est \u00e0 souligner que des sessions de formations et des meetings, du genre, seront organis\u00e9s p\u00e9riodiquement, pour impr\u00e9gner les journalistes du jargon du droit et de l&rsquo;\u00e9conomie de la concurrence et les sensibiliser aux probl\u00e9matiques en la mati\u00e8re, en vue de mieux cerner et analyser en profondeur les questions ayant trait \u00e0 ce droit sp\u00e9cifique et pas assez connu.<\/p>\n<p>Plusieurs th\u00e9matiques seront d\u00e9battues lors de cet atelier se rapportant au \u00ab\u00a0R\u00f4le des m\u00e9dias dans les affaires de concurrence \u2013 exemples tir\u00e9s des affaires cl\u00e9s de l&rsquo;UE\u00a0\u00bb, aux \u00ab\u00a0Objectifs, pouvoirs et outils du Conseil de la Concurrence \u2013 structure organisationnelle ; derniers d\u00e9veloppements du Conseil ; canaux de communication\u00a0\u00bb, \u00a0outre un \u00ab\u00a0aper\u00e7u des concepts les plus pertinents du droit de la concurrence \u00e0 l&rsquo;\u00e9gard du cadre juridique marocain et international\u00a0\u00bb et \u00ab\u00a0Consid\u00e9rations pratiques sur l&rsquo;acc\u00e8s \u00e0 l&rsquo;information \u2013 droits des parties, confidentialit\u00e9, publicit\u00e9 des affaires, aper\u00e7u des programmes de cl\u00e9mence\u00a0\u00bb.<\/p>\n<p>Cet article <a rel=\"nofollow\" href=\"https:\/\/www.journalducameroun.com\/maroc-atelier-de-sensibilisation-des-medias-au-droit-et-a-la-politique-de-la-concurrence\/\">Maroc: Atelier de sensibilisation des m\u00e9dias au droit et \u00e0 la politique de la concurrence<\/a> est apparu en premier sur <a rel=\"nofollow\" href=\"https:\/\/www.journalducameroun.com\/\">Journal du Cameroun<\/a>.<\/p>\n<\/div>\n<p>Auteur: APA News<br \/>\n<a href=\"https:\/\/www.journalducameroun.com\/maroc-atelier-de-sensibilisation-des-medias-au-droit-et-a-la-politique-de-la-concurrence\/\">Cliquez ici pour lire l&rsquo;article depuis sa source.<\/a><\/p>\n","protected":false},"excerpt":{"rendered":"<p>Le Conseil de la Concurrence au Maroc organise, le 7 mars courant, un atelier de sensibilisation au droit et politique de la concurrence au profit des m\u00e9dias.Initi\u00e9 conjointement avec le Groupe de la Banque Mondiale et la participation de la Conf\u00e9rence des Nations Unies sur le Commerce et le D\u00e9veloppement \u00ab CNUCED \u00bb, cet atelier [&hellip;]<\/p>\n","protected":false},"author":1965,"featured_media":0,"comment_status":"closed","ping_status":"closed","sticky":false,"template":"","format":"standard","meta":{"fifu_image_url":"https:\/\/www.journalducameroun.com\/wp-content\/uploads\/2022\/03\/16461622836189.jpg","fifu_image_alt":"Maroc: Atelier de sensibilisation des m\u00e9dias au droit et \u00e0 la politique de la concurrence","footnotes":""},"categories":[73,82],"tags":[],"class_list":["post-142064","post","type-post","status-publish","format-standard","hentry","category-actualite","category-cameroun"],"_links":{"self":[{"href":"https:\/\/linitiative.ca\/International\/wp-json\/wp\/v2\/posts\/142064","targetHints":{"allow":["GET"]}}],"collection":[{"href":"https:\/\/linitiative.ca\/International\/wp-json\/wp\/v2\/posts"}],"about":[{"href":"https:\/\/linitiative.ca\/International\/wp-json\/wp\/v2\/types\/post"}],"author":[{"embeddable":true,"href":"https:\/\/linitiative.ca\/International\/wp-json\/wp\/v2\/users\/1965"}],"replies":[{"embeddable":true,"href":"https:\/\/linitiative.ca\/International\/wp-json\/wp\/v2\/comments?post=142064"}],"version-history":[{"count":0,"href":"https:\/\/linitiative.ca\/International\/wp-json\/wp\/v2\/posts\/142064\/revisions"}],"wp:attachment":[{"href":"https:\/\/linitiative.ca\/International\/wp-json\/wp\/v2\/media?parent=142064"}],"wp:term":[{"taxonomy":"category","embeddable":true,"href":"https:\/\/linitiative.ca\/International\/wp-json\/wp\/v2\/categories?post=142064"},{"taxonomy":"post_tag","embeddable":true,"href":"https:\/\/linitiative.ca\/International\/wp-json\/wp\/v2\/tags?post=142064"}],"curies":[{"name":"wp","href":"https:\/\/api.w.org\/{rel}","templated":true}]}}