{"id":142066,"date":"2022-03-01T14:18:04","date_gmt":"2022-03-01T19:18:04","guid":{"rendered":"https:\/\/linitiative.ca\/International\/maroc-rappel-a-lordre-du-conseil-de-la-concurrence-contre-les-ententes-sur-les-prix\/"},"modified":"2022-03-01T14:18:04","modified_gmt":"2022-03-01T19:18:04","slug":"maroc-rappel-a-lordre-du-conseil-de-la-concurrence-contre-les-ententes-sur-les-prix","status":"publish","type":"post","link":"https:\/\/linitiative.ca\/International\/maroc-rappel-a-lordre-du-conseil-de-la-concurrence-contre-les-ententes-sur-les-prix\/","title":{"rendered":"Maroc : Rappel \u00e0 l\u2019ordre du Conseil de la Concurrence contre les ententes sur les prix"},"content":{"rendered":"<div>\n<p><img decoding=\"async\" width=\"318\" height=\"159\" src=\"https:\/\/linitiative.ca\/International\/wp-content\/uploads\/sites\/23\/2022\/03\/16461622843735.jpg\" class=\"attachment-post-thumbnail size-post-thumbnail wp-post-image\" alt=\"\" loading=\"lazy\" srcset=\"https:\/\/linitiative.ca\/International\/wp-content\/uploads\/sites\/23\/2022\/03\/16461622843735.jpg 318w, https:\/\/www.journalducameroun.com\/wp-content\/uploads\/2022\/03\/16461622843735-300x150.jpg 300w\" sizes=\"auto, (max-width: 318px) 100vw, 318px\"><\/p>\n<p>Le Conseil de la Concurrence rappelle que les prix des biens, produits et services sont d\u00e9termin\u00e9s par les m\u00e9canismes de la libre concurrence.Dans un communiqu\u00e9, publi\u00e9 ce mardi, le Conseil de la Concurrence, une institution ind\u00e9pendante charg\u00e9e, dans le cadre de l&rsquo;organisation d&rsquo;une concurrence libre et loyale, d&rsquo;assurer la transparence et l&rsquo;\u00e9quit\u00e9 dans les relations \u00e9conomiques, rappelle \u00e0 tous les acteurs \u00e9conomiques, publics ou priv\u00e9s, ainsi qu&rsquo;aux associations professionnelles et syndicales qui les repr\u00e9sentent que compte tenu des fluctuations des prix de certains produits et services aux niveaux international et national, , les prix des biens, produits et services sont d\u00e9termin\u00e9s par les m\u00e9canismes de la libre concurrence.<\/p>\n<p>En cons\u00e9quence, tous les accords, alliances explicites ou implicites, ou directives destin\u00e9s \u00e0 influencer la formation des prix soit en les augmentant ou en les baissant sont interdits, et ce sous quelque forme que ce soit notamment par le biais d&rsquo;une fixation conjointe de prix de gros ou de d\u00e9tail, d&rsquo;\u00e9change d&rsquo;informations ou de coordination concernant le niveau et la proportion de leur hausse ou de leur baisse, ou \u00e0 travers la d\u00e9termination du niveau de la marge b\u00e9n\u00e9ficiaire applicable, de la composition des prix, de la fixation d&rsquo;un prix de r\u00e9f\u00e9rence ou une structure de prix de r\u00e9f\u00e9rence unifi\u00e9s entre un groupe d&rsquo;acteurs, ou la pratique du stockage clandestin, \u00e0 leur initiative ou sous le contr\u00f4le de leur association professionnelle ou syndicale, indique l&rsquo;instance constitutionnelle.<\/p>\n<p>Dans ce cadre, le Conseil de la concurrence renvoie \u00e0 toute fin utile, \u00e0 son guide pratique relatif \u00e0 l&rsquo;adoption de programmes de conformit\u00e9 au sein des entreprises ou des associations professionnelles, qui d\u00e9taille les pratiques interdites et les moyens d&rsquo;\u00e9viter les risques qui y sont associ\u00e9s.<\/p>\n<p>Le Conseil souligne la commission des actes et pratiques susmentionn\u00e9s, si elle est av\u00e9r\u00e9e, quelle que soit leur cause ou leur contexte, constitue une violation des dispositions de la loi susmentionn\u00e9e.<\/p>\n<p>Cet article <a rel=\"nofollow\" href=\"https:\/\/www.journalducameroun.com\/maroc-rappel-a-lordre-du-conseil-de-la-concurrence-contre-les-ententes-sur-les-prix\/\">Maroc : Rappel \u00e0 l\u2019ordre du Conseil de la Concurrence contre les ententes sur les prix<\/a> est apparu en premier sur <a rel=\"nofollow\" href=\"https:\/\/www.journalducameroun.com\/\">Journal du Cameroun<\/a>.<\/p>\n<\/div>\n<p>Auteur: APA News<br \/>\n<a href=\"https:\/\/www.journalducameroun.com\/maroc-rappel-a-lordre-du-conseil-de-la-concurrence-contre-les-ententes-sur-les-prix\/\">Cliquez ici pour lire l&rsquo;article depuis sa source.<\/a><\/p>\n","protected":false},"excerpt":{"rendered":"<p>Le Conseil de la Concurrence rappelle que les prix des biens, produits et services sont d\u00e9termin\u00e9s par les m\u00e9canismes de la libre concurrence.Dans un communiqu\u00e9, publi\u00e9 ce mardi, le Conseil de la Concurrence, une institution ind\u00e9pendante charg\u00e9e, dans le cadre de l&rsquo;organisation d&rsquo;une concurrence libre et loyale, d&rsquo;assurer la transparence et l&rsquo;\u00e9quit\u00e9 dans les relations [&hellip;]<\/p>\n","protected":false},"author":1965,"featured_media":0,"comment_status":"closed","ping_status":"closed","sticky":false,"template":"","format":"standard","meta":{"fifu_image_url":"https:\/\/www.journalducameroun.com\/wp-content\/uploads\/2022\/03\/16461622843735.jpg","fifu_image_alt":"Maroc : Rappel \u00e0 l\u2019ordre du Conseil de la Concurrence contre les ententes sur les prix","footnotes":""},"categories":[73,82],"tags":[],"class_list":["post-142066","post","type-post","status-publish","format-standard","hentry","category-actualite","category-cameroun"],"_links":{"self":[{"href":"https:\/\/linitiative.ca\/International\/wp-json\/wp\/v2\/posts\/142066","targetHints":{"allow":["GET"]}}],"collection":[{"href":"https:\/\/linitiative.ca\/International\/wp-json\/wp\/v2\/posts"}],"about":[{"href":"https:\/\/linitiative.ca\/International\/wp-json\/wp\/v2\/types\/post"}],"author":[{"embeddable":true,"href":"https:\/\/linitiative.ca\/International\/wp-json\/wp\/v2\/users\/1965"}],"replies":[{"embeddable":true,"href":"https:\/\/linitiative.ca\/International\/wp-json\/wp\/v2\/comments?post=142066"}],"version-history":[{"count":0,"href":"https:\/\/linitiative.ca\/International\/wp-json\/wp\/v2\/posts\/142066\/revisions"}],"wp:attachment":[{"href":"https:\/\/linitiative.ca\/International\/wp-json\/wp\/v2\/media?parent=142066"}],"wp:term":[{"taxonomy":"category","embeddable":true,"href":"https:\/\/linitiative.ca\/International\/wp-json\/wp\/v2\/categories?post=142066"},{"taxonomy":"post_tag","embeddable":true,"href":"https:\/\/linitiative.ca\/International\/wp-json\/wp\/v2\/tags?post=142066"}],"curies":[{"name":"wp","href":"https:\/\/api.w.org\/{rel}","templated":true}]}}