{"id":142077,"date":"2022-03-02T10:08:40","date_gmt":"2022-03-02T15:08:40","guid":{"rendered":"https:\/\/linitiative.ca\/International\/lutte-contre-la-secheresse-le-programme-exceptionnel-de-reduction-de-limpact-lance-a-draa-tafilalet\/"},"modified":"2022-03-02T10:08:40","modified_gmt":"2022-03-02T15:08:40","slug":"lutte-contre-la-secheresse-le-programme-exceptionnel-de-reduction-de-limpact-lance-a-draa-tafilalet","status":"publish","type":"post","link":"https:\/\/linitiative.ca\/International\/lutte-contre-la-secheresse-le-programme-exceptionnel-de-reduction-de-limpact-lance-a-draa-tafilalet\/","title":{"rendered":"Lutte contre la s\u00e9cheresse: Le programme exceptionnel de r\u00e9duction de l\u2019impact lanc\u00e9 \u00e0 Dr\u00e2a Tafilalet"},"content":{"rendered":"<div>\n<p><img loading=\"lazy\" decoding=\"async\" width=\"300\" height=\"153\" src=\"https:\/\/linitiative.ca\/International\/wp-content\/uploads\/sites\/23\/2022\/03\/Mohamed-Sadiki-Lutte-contre-la-seCC81cheresse-DraCC82a-Tafilalet-5-300x153-1.jpg\" class=\"attachment-medium size-medium wp-post-image\" alt=\"\" srcset=\"https:\/\/linitiative.ca\/International\/wp-content\/uploads\/sites\/23\/2022\/03\/Mohamed-Sadiki-Lutte-contre-la-seCC81cheresse-DraCC82a-Tafilalet-5-300x153-1.jpg 300w, https:\/\/aujourdhui.ma\/wp-content\/uploads\/2022\/03\/Mohamed-Sadiki-Lutte-contre-la-se\u0301cheresse-Dra\u0302a-Tafilalet-5-274x140.jpg 274w, https:\/\/aujourdhui.ma\/wp-content\/uploads\/2022\/03\/Mohamed-Sadiki-Lutte-contre-la-se\u0301cheresse-Dra\u0302a-Tafilalet-5.jpg 746w, https:\/\/aujourdhui.ma\/wp-content\/uploads\/2022\/03\/Mohamed-Sadiki-Lutte-contre-la-se\u0301cheresse-Dra\u0302a-Tafilalet-5-165x84.jpg 165w, https:\/\/aujourdhui.ma\/wp-content\/uploads\/2022\/03\/Mohamed-Sadiki-Lutte-contre-la-se\u0301cheresse-Dra\u0302a-Tafilalet-5-702x358.jpg 702w\" sizes=\"auto, (max-width: 300px) 100vw, 300px\"><\/p>\n<p><span style=\"font-size: 20px; color: #800000;\"><strong>C\u2019est act\u00e9. Le ministre de l\u2019agriculture, de la p\u00eache maritime, du d\u00e9veloppement rural et des eaux et for\u00eats, Mohammed Sadiki, a proc\u00e9d\u00e9, le mercredi 2 mars 2022, depuis la province de Midelt, au lancement du programme exceptionnel de r\u00e9duction de l\u2019impact du d\u00e9ficit pluviom\u00e9trique pour la r\u00e9gion de Dr\u00e2a-Tafilalet.<\/strong> <\/span><span id=\"more-401298\"><\/span><\/p>\n<p>Il \u00e9tait accompagn\u00e9 du gouverneur de la province de Midelt, du pr\u00e9sident du Conseil r\u00e9gional, des professionnels, des \u00e9lus et une importante d\u00e9l\u00e9gation de hauts responsables du minist\u00e8re.<br \/>\nIl s\u2019agit de l\u2019op\u00e9rationnalisation sur le terrain de la mise en \u0153uvre du programme exceptionnel mis en place par le gouvernement en ex\u00e9cution des Hautes Orientations de Sa Majest\u00e9 le Roi Mohammed VI pour att\u00e9nuer l\u2019impact du d\u00e9ficit des pluies sur le secteur de l\u2019agriculture et fournir l\u2019aide aux agriculteurs et aux \u00e9leveurs concern\u00e9s.<br \/>\nD\u2019un co\u00fbt global de 10 milliards de dirhams, le programme exceptionnel s\u2019articule autour de trois axes : la protection du capital animal et v\u00e9g\u00e9tal et la gestion de la raret\u00e9 des eaux, l\u2019assurance agricole et l\u2019accompagnement financier des agriculteurs et des professionnels.<br \/>\nLe coup d\u2019envoi de la mise en \u0153uvre sur le terrain concerne tous les axes du programme \u00e0 l\u2019\u00e9chelle nationale. Le d\u00e9ploiement se fera progressivement selon l\u2019urgence dans chacune des 12 r\u00e9gions du Royaume.<\/p>\n<p><img loading=\"lazy\" decoding=\"async\" class=\"aligncenter size-full wp-image-401302\" src=\"https:\/\/linitiative.ca\/International\/wp-content\/uploads\/sites\/23\/2022\/03\/Mohamed-Sadiki-Lutte-contre-la-seCC81cheresse-DraCC82a-Tafilalet-3.jpg\" alt=\"\" width=\"746\" height=\"380\" srcset=\"https:\/\/linitiative.ca\/International\/wp-content\/uploads\/sites\/23\/2022\/03\/Mohamed-Sadiki-Lutte-contre-la-seCC81cheresse-DraCC82a-Tafilalet-3.jpg 746w, https:\/\/aujourdhui.ma\/wp-content\/uploads\/2022\/03\/Mohamed-Sadiki-Lutte-contre-la-se\u0301cheresse-Dra\u0302a-Tafilalet-3-300x153.jpg 300w, https:\/\/aujourdhui.ma\/wp-content\/uploads\/2022\/03\/Mohamed-Sadiki-Lutte-contre-la-se\u0301cheresse-Dra\u0302a-Tafilalet-3-274x140.jpg 274w, https:\/\/aujourdhui.ma\/wp-content\/uploads\/2022\/03\/Mohamed-Sadiki-Lutte-contre-la-se\u0301cheresse-Dra\u0302a-Tafilalet-3-165x84.jpg 165w, https:\/\/aujourdhui.ma\/wp-content\/uploads\/2022\/03\/Mohamed-Sadiki-Lutte-contre-la-se\u0301cheresse-Dra\u0302a-Tafilalet-3-702x358.jpg 702w\" sizes=\"auto, (max-width: 746px) 100vw, 746px\"><\/p>\n<p><span style=\"color: #ff0000;\"><strong>Programme r\u00e9gional<\/strong><\/span><\/p>\n<p>Le ministre a donn\u00e9 le coup d\u2019envoi \u00e0 l\u2019ex\u00e9cution des composantes de l\u2019axe 1 de la r\u00e9gion de Draa-Tafilalet d\u2019un co\u00fbt global de 166 millions de dirhams. La globalit\u00e9 du programme r\u00e9gional a \u00e9t\u00e9 pr\u00e9sent\u00e9e au niveau du Centre de conseil agricole de Boumia.<br \/>\nLa composante relative \u00e0 la protection du capital animal comprend la distribution de 396.000 quintaux d\u2019orge subventionn\u00e9 avec un prix fixe de 200 DH le quintal au profit de 95.600 \u00e9leveurs, la distribution de 30.800 quintaux d\u2019aliments compos\u00e9s au profit des \u00e9leveurs de bovins, la vaccination et le traitement de 2,4 millions de t\u00eates d\u2019ovins, caprins et camelins, le traitement de 55.000 ruches d\u2019abeilles contre la varroase ainsi que l\u2019abreuvement du cheptel \u00e0 travers l\u2019am\u00e9nagement et l\u2019\u00e9quipement de 40 points d\u2019eau et l\u2019acquisition de 600 citernes souples au profit des \u00e9leveurs.<br \/>\nL\u2019op\u00e9ration de distribution d\u2019orge est r\u00e9alis\u00e9e par guichet ouvert \u00e0 travers la mise en place de 9 points de vente, avec prise en charge par l\u2019Etat des frais de transport aux chefs-lieux des communes territoriales.<br \/>\nPour la composante protection du capital v\u00e9g\u00e9tal et la gestion de la raret\u00e9 des eaux, il s\u2019agit d\u2019\u00e9quiper et de r\u00e9habiliter les ouvrages d\u2019irrigation des p\u00e9rim\u00e8tres de la petite et moyenne hydraulique ainsi que l\u2019irrigation d\u2019appoint pour p\u00e9renniser les vergers nouvellement plant\u00e9s dans le cadre de l\u2019agriculture solidaire sur une superficie de 260 ha.<br \/>\nPour l\u2019axe assurance agricole multirisques, la superficie assur\u00e9e pour les c\u00e9r\u00e9ales et l\u00e9gumineuses d\u00e9passe 20.000 ha, pour un nombre de souscrits de pr\u00e8s de 4.100 agriculteurs.<\/p>\n<p><img loading=\"lazy\" decoding=\"async\" class=\"aligncenter size-full wp-image-401305\" src=\"https:\/\/linitiative.ca\/International\/wp-content\/uploads\/sites\/23\/2022\/03\/Mohamed-Sadiki-Lutte-contre-la-seCC81cheresse-DraCC82a-Tafilalet.jpg\" alt=\"\" width=\"746\" height=\"380\" srcset=\"https:\/\/linitiative.ca\/International\/wp-content\/uploads\/sites\/23\/2022\/03\/Mohamed-Sadiki-Lutte-contre-la-seCC81cheresse-DraCC82a-Tafilalet.jpg 746w, https:\/\/aujourdhui.ma\/wp-content\/uploads\/2022\/03\/Mohamed-Sadiki-Lutte-contre-la-se\u0301cheresse-Dra\u0302a-Tafilalet-300x153.jpg 300w, https:\/\/aujourdhui.ma\/wp-content\/uploads\/2022\/03\/Mohamed-Sadiki-Lutte-contre-la-se\u0301cheresse-Dra\u0302a-Tafilalet-274x140.jpg 274w, https:\/\/aujourdhui.ma\/wp-content\/uploads\/2022\/03\/Mohamed-Sadiki-Lutte-contre-la-se\u0301cheresse-Dra\u0302a-Tafilalet-165x84.jpg 165w, https:\/\/aujourdhui.ma\/wp-content\/uploads\/2022\/03\/Mohamed-Sadiki-Lutte-contre-la-se\u0301cheresse-Dra\u0302a-Tafilalet-702x358.jpg 702w\" sizes=\"auto, (max-width: 746px) 100vw, 746px\"><\/p>\n<p><span style=\"color: #ff0000;\"><strong>Coup d\u2019envoi de plusieurs op\u00e9rations du programme<\/strong><\/span><\/p>\n<p>A niveau de la commune territoriale de Boumia, le ministre a proc\u00e9d\u00e9 au lancement de l\u2019op\u00e9ration de distribution de l\u2019orge au profit des \u00e9leveurs de la commune, au lancement de l\u2019op\u00e9ration de vaccination et traitement des ovins et caprins puis visit\u00e9 l\u2019atelier de formation et d\u2019accompagnement des \u00e9leveurs de la commune, ainsi que l\u2019atelier de sensibilisation des jeunes entrepreneurs agricoles.<br \/>\nAu niveau de la commune territoriale Ait Ayach, le ministre a pris connaissance du programme r\u00e9gional d\u2019abreuvement du cheptel et visit\u00e9 un point d\u2019eau d\u2019abreuvement du cheptel. Il s\u2019agit de la r\u00e9alisation et \u00e9quipement d\u2019un forage de 150 m\u00e8tres de profondeur, \u00e9quip\u00e9 en \u00e9nergie solaire, d\u2019un r\u00e9servoir et des abreuvoirs, qui profitera \u00e0 145 \u00e9leveurs et dominant une superficie de 2.500 ha de parcours. Il a \u00e9galement \u00e9t\u00e9 proc\u00e9d\u00e9 \u00e0 la distribution de citernes souples au profit des \u00e9leveurs de la commune territoriale Ait Ayach.<br \/>\nLe ministre a \u00e9galement pris connaissance du programme r\u00e9gional de l\u2019irrigation et de l\u2019am\u00e9nagement de l\u2019espace agricole qui comporte des op\u00e9rations de petite et moyenne hydraulique (PMH) et la r\u00e9habilitation des ouvrages de mobilisation d\u2019eau et s\u00e9guias au profit de 139.000 b\u00e9n\u00e9ficiaires et qui permettra la cr\u00e9ation de 208.000 journ\u00e9es de travail.<\/p>\n<p><img loading=\"lazy\" decoding=\"async\" class=\"aligncenter size-full wp-image-401304\" src=\"https:\/\/linitiative.ca\/International\/wp-content\/uploads\/sites\/23\/2022\/03\/Mohamed-Sadiki-Lutte-contre-la-seCC81cheresse-DraCC82a-Tafilalet-6.jpg\" alt=\"\" width=\"746\" height=\"380\" srcset=\"https:\/\/linitiative.ca\/International\/wp-content\/uploads\/sites\/23\/2022\/03\/Mohamed-Sadiki-Lutte-contre-la-seCC81cheresse-DraCC82a-Tafilalet-6.jpg 746w, https:\/\/aujourdhui.ma\/wp-content\/uploads\/2022\/03\/Mohamed-Sadiki-Lutte-contre-la-se\u0301cheresse-Dra\u0302a-Tafilalet-6-300x153.jpg 300w, https:\/\/aujourdhui.ma\/wp-content\/uploads\/2022\/03\/Mohamed-Sadiki-Lutte-contre-la-se\u0301cheresse-Dra\u0302a-Tafilalet-6-274x140.jpg 274w, https:\/\/aujourdhui.ma\/wp-content\/uploads\/2022\/03\/Mohamed-Sadiki-Lutte-contre-la-se\u0301cheresse-Dra\u0302a-Tafilalet-6-165x84.jpg 165w, https:\/\/aujourdhui.ma\/wp-content\/uploads\/2022\/03\/Mohamed-Sadiki-Lutte-contre-la-se\u0301cheresse-Dra\u0302a-Tafilalet-6-702x358.jpg 702w\" sizes=\"auto, (max-width: 746px) 100vw, 746px\"><\/p>\n<p><span style=\"color: #ff0000;\"><strong>Inauguration de la route de la pomme<\/strong><\/span><\/p>\n<p>Au niveau de la commune territoriale Ait Ayach, le ministre a proc\u00e9d\u00e9 \u00e0 l\u2019inauguration de la route de la pomme reliant K\u2019sar Bouamama et Ksar Sidi Boumoussa sur 16,80 km. D\u2019un co\u00fbt total de 17 millions de dirhams, financ\u00e9 par le Fonds de d\u00e9veloppement rural, ce projet vise \u00e0 d\u00e9senclaver 7 douars, \u00e0 am\u00e9liorer les conditions de vie de la population, \u00e0 r\u00e9duire les disparit\u00e9s sociales, \u00e0 permettre \u00e0 la population d\u2019acc\u00e9der aux services sociaux et services administratifs et \u00e0 s\u2019int\u00e9grer au tissu \u00e9conomique, particuli\u00e8rement en facilitant la commercialisation de la production de pommes.<\/p>\n<p><img loading=\"lazy\" decoding=\"async\" class=\"aligncenter size-full wp-image-401303\" src=\"https:\/\/linitiative.ca\/International\/wp-content\/uploads\/sites\/23\/2022\/03\/Mohamed-Sadiki-Lutte-contre-la-seCC81cheresse-DraCC82a-Tafilalet-4.jpg\" alt=\"\" width=\"746\" height=\"380\" srcset=\"https:\/\/linitiative.ca\/International\/wp-content\/uploads\/sites\/23\/2022\/03\/Mohamed-Sadiki-Lutte-contre-la-seCC81cheresse-DraCC82a-Tafilalet-4.jpg 746w, https:\/\/aujourdhui.ma\/wp-content\/uploads\/2022\/03\/Mohamed-Sadiki-Lutte-contre-la-se\u0301cheresse-Dra\u0302a-Tafilalet-4-300x153.jpg 300w, https:\/\/aujourdhui.ma\/wp-content\/uploads\/2022\/03\/Mohamed-Sadiki-Lutte-contre-la-se\u0301cheresse-Dra\u0302a-Tafilalet-4-274x140.jpg 274w, https:\/\/aujourdhui.ma\/wp-content\/uploads\/2022\/03\/Mohamed-Sadiki-Lutte-contre-la-se\u0301cheresse-Dra\u0302a-Tafilalet-4-165x84.jpg 165w, https:\/\/aujourdhui.ma\/wp-content\/uploads\/2022\/03\/Mohamed-Sadiki-Lutte-contre-la-se\u0301cheresse-Dra\u0302a-Tafilalet-4-702x358.jpg 702w\" sizes=\"auto, (max-width: 746px) 100vw, 746px\"><\/p>\n<p><img loading=\"lazy\" decoding=\"async\" class=\"aligncenter size-full wp-image-401301\" src=\"https:\/\/linitiative.ca\/International\/wp-content\/uploads\/sites\/23\/2022\/03\/Mohamed-Sadiki-Lutte-contre-la-seCC81cheresse-DraCC82a-Tafilalet-2.jpg\" alt=\"\" width=\"746\" height=\"380\" srcset=\"https:\/\/linitiative.ca\/International\/wp-content\/uploads\/sites\/23\/2022\/03\/Mohamed-Sadiki-Lutte-contre-la-seCC81cheresse-DraCC82a-Tafilalet-2.jpg 746w, https:\/\/aujourdhui.ma\/wp-content\/uploads\/2022\/03\/Mohamed-Sadiki-Lutte-contre-la-se\u0301cheresse-Dra\u0302a-Tafilalet-2-300x153.jpg 300w, https:\/\/aujourdhui.ma\/wp-content\/uploads\/2022\/03\/Mohamed-Sadiki-Lutte-contre-la-se\u0301cheresse-Dra\u0302a-Tafilalet-2-274x140.jpg 274w, https:\/\/aujourdhui.ma\/wp-content\/uploads\/2022\/03\/Mohamed-Sadiki-Lutte-contre-la-se\u0301cheresse-Dra\u0302a-Tafilalet-2-165x84.jpg 165w, https:\/\/aujourdhui.ma\/wp-content\/uploads\/2022\/03\/Mohamed-Sadiki-Lutte-contre-la-se\u0301cheresse-Dra\u0302a-Tafilalet-2-702x358.jpg 702w\" sizes=\"auto, (max-width: 746px) 100vw, 746px\"><\/p>\n<p><img loading=\"lazy\" decoding=\"async\" class=\"aligncenter size-full wp-image-401300\" src=\"https:\/\/linitiative.ca\/International\/wp-content\/uploads\/sites\/23\/2022\/03\/Mohamed-Sadiki-Lutte-contre-la-seCC81cheresse-DraCC82a-Tafilalet-1.jpg\" alt=\"\" width=\"746\" height=\"380\" srcset=\"https:\/\/linitiative.ca\/International\/wp-content\/uploads\/sites\/23\/2022\/03\/Mohamed-Sadiki-Lutte-contre-la-seCC81cheresse-DraCC82a-Tafilalet-1.jpg 746w, https:\/\/aujourdhui.ma\/wp-content\/uploads\/2022\/03\/Mohamed-Sadiki-Lutte-contre-la-se\u0301cheresse-Dra\u0302a-Tafilalet-1-300x153.jpg 300w, https:\/\/aujourdhui.ma\/wp-content\/uploads\/2022\/03\/Mohamed-Sadiki-Lutte-contre-la-se\u0301cheresse-Dra\u0302a-Tafilalet-1-274x140.jpg 274w, https:\/\/aujourdhui.ma\/wp-content\/uploads\/2022\/03\/Mohamed-Sadiki-Lutte-contre-la-se\u0301cheresse-Dra\u0302a-Tafilalet-1-165x84.jpg 165w, https:\/\/aujourdhui.ma\/wp-content\/uploads\/2022\/03\/Mohamed-Sadiki-Lutte-contre-la-se\u0301cheresse-Dra\u0302a-Tafilalet-1-702x358.jpg 702w\" sizes=\"auto, (max-width: 746px) 100vw, 746px\"><\/p>\n<\/div>\n<p>Auteur: ALM<br \/>\n<a href=\"https:\/\/aujourdhui.ma\/economie\/lutte-contre-la-secheresse-le-programme-exceptionnel-de-reduction-de-limpact-lance-a-draa-tafilalet\">Cliquez ici pour lire l&rsquo;article depuis sa source.<\/a><\/p>\n","protected":false},"excerpt":{"rendered":"<p>C\u2019est act\u00e9. Le ministre de l\u2019agriculture, de la p\u00eache maritime, du d\u00e9veloppement rural et des eaux et for\u00eats, Mohammed Sadiki, a proc\u00e9d\u00e9, le mercredi 2 mars 2022, depuis la province de Midelt, au lancement du programme exceptionnel de r\u00e9duction de l\u2019impact du d\u00e9ficit pluviom\u00e9trique pour la r\u00e9gion de Dr\u00e2a-Tafilalet. Il \u00e9tait accompagn\u00e9 du gouverneur de [&hellip;]<\/p>\n","protected":false},"author":1759,"featured_media":0,"comment_status":"closed","ping_status":"closed","sticky":false,"template":"","format":"standard","meta":{"fifu_image_url":"https:\/\/aujourdhui.ma\/wp-content\/uploads\/2022\/03\/Mohamed-Sadiki-Lutte-contre-la-se\u0301cheresse-Dra\u0302a-Tafilalet-5-300x153.jpg","fifu_image_alt":"Lutte contre la s\u00e9cheresse: Le programme exceptionnel de r\u00e9duction de l\u2019impact lanc\u00e9 \u00e0 Dr\u00e2a Tafilalet","footnotes":""},"categories":[73,54],"tags":[],"class_list":["post-142077","post","type-post","status-publish","format-standard","hentry","category-actualite","category-maroc"],"_links":{"self":[{"href":"https:\/\/linitiative.ca\/International\/wp-json\/wp\/v2\/posts\/142077","targetHints":{"allow":["GET"]}}],"collection":[{"href":"https:\/\/linitiative.ca\/International\/wp-json\/wp\/v2\/posts"}],"about":[{"href":"https:\/\/linitiative.ca\/International\/wp-json\/wp\/v2\/types\/post"}],"author":[{"embeddable":true,"href":"https:\/\/linitiative.ca\/International\/wp-json\/wp\/v2\/users\/1759"}],"replies":[{"embeddable":true,"href":"https:\/\/linitiative.ca\/International\/wp-json\/wp\/v2\/comments?post=142077"}],"version-history":[{"count":0,"href":"https:\/\/linitiative.ca\/International\/wp-json\/wp\/v2\/posts\/142077\/revisions"}],"wp:attachment":[{"href":"https:\/\/linitiative.ca\/International\/wp-json\/wp\/v2\/media?parent=142077"}],"wp:term":[{"taxonomy":"category","embeddable":true,"href":"https:\/\/linitiative.ca\/International\/wp-json\/wp\/v2\/categories?post=142077"},{"taxonomy":"post_tag","embeddable":true,"href":"https:\/\/linitiative.ca\/International\/wp-json\/wp\/v2\/tags?post=142077"}],"curies":[{"name":"wp","href":"https:\/\/api.w.org\/{rel}","templated":true}]}}