{"id":142093,"date":"2022-03-01T13:00:00","date_gmt":"2022-03-01T18:00:00","guid":{"rendered":"https:\/\/linitiative.ca\/International\/deux-etapes-phares-dans-le-parachevement-de-lintegrite-territoriale\/"},"modified":"2022-03-01T13:00:00","modified_gmt":"2022-03-01T18:00:00","slug":"deux-etapes-phares-dans-le-parachevement-de-lintegrite-territoriale","status":"publish","type":"post","link":"https:\/\/linitiative.ca\/International\/deux-etapes-phares-dans-le-parachevement-de-lintegrite-territoriale\/","title":{"rendered":"Deux \u00e9tapes phares dans le parach\u00e8vement de l\u2019int\u00e9grit\u00e9 territoriale"},"content":{"rendered":"<div>\n<p class=\"has-text-align-center has-vivid-cyan-blue-color has-text-color\"><strong>La bataille de Dcheira et le d\u00e9part du dernier soldat \u00e9tranger des provinces du Sud<\/strong><\/p>\n<p class=\"has-black-color has-text-color\"><strong>Le peuple marocain et la famille de la r\u00e9sistance et des anciens membres de l\u2019Arm\u00e9e de lib\u00e9ration c\u00e9l\u00e8brent, lundi, le 64e anniversaire de la bataille de Dcheira, co\u00efncidant avec le 46e anniversaire du d\u00e9part du dernier soldat \u00e9tranger des provinces du Sud.<\/strong><\/p>\n<p class=\"has-black-color has-text-color\">Ces deux rep\u00e8res historiques aux significations profondes illustrent \u00e0 merveille toute la grandeur et les gloires de la lutte nationale pour le parach\u00e8vement de l\u2019int\u00e9grit\u00e9 territoriale du Royaume et de l\u2019unit\u00e9 nationale, couronn\u00e9es par le d\u00e9part du dernier soldat espagnol le 28 f\u00e9vrier 1976 des provinces du Sud.<br \/>La bataille de Dcheira est riche en symboles d\u2019unit\u00e9 et de symbiose entre les fils du Nord et du Sud du Royaume qui ont fait avorter tous les complots et man\u0153uvres des occupants \u00e9trangers.<\/p>\n<p class=\"has-black-color has-text-color\">Il s\u2019agit en effet d\u2019une occasion pour le peuple marocain de rendre un vibrant hommage \u00e0 la bravoure, aux sacrifices et \u00e0 l\u2019h\u00e9ro\u00efsme dont les combattants et les martyrs ont fait montre face au colonisateur espagnol.<br \/>C\u2019est ainsi le 13 janvier 1958, dans la localit\u00e9 \u00e9ponyme, \u00e0 25 km \u00e0 l\u2019est de La\u00e2youne, que les membres de la r\u00e9sistance et de l\u2019Arm\u00e9e de lib\u00e9ration ont men\u00e9 la bataille de Dcheira contre l\u2019arm\u00e9e espagnole, lourdement \u00e9quip\u00e9e en armements et en moyens logistiques.<\/p>\n<p class=\"has-black-color has-text-color\">Engag\u00e9 dans une vaste op\u00e9ration de ratissage contre la r\u00e9sistance marocaine, l\u2019\u00e9tat-major espagnol n\u2019avait, \u00e0 aucun moment, imagin\u00e9 que ses troupes allaient \u00eatre humili\u00e9es par une telle d\u00e9faite face \u00e0 des r\u00e9sistants aux effectifs r\u00e9duits et l\u00e9g\u00e8rement arm\u00e9s, mais d\u00e9cid\u00e9s \u00e0 lutter avec abn\u00e9gation pour la d\u00e9fense de l\u2019unit\u00e9 du pays.<br \/>Cette victoire a ainsi marqu\u00e9 le d\u00e9but d\u2019une s\u00e9rie de hauts faits d\u2019armes contre les forces coloniales dans le Sahara marocain, en l\u2019occurrence celles de \u00ab\u00a0Rghiwa\u00a0\u00bb, \u00ab\u00a0Lamsid\u00a0\u00bb, \u00ab\u00a0Oum L\u00e2acher\u00a0\u00bb et \u00ab\u00a0Mergala\u00a0\u00bb.<\/p>\n<p class=\"has-black-color has-text-color\">Elle constitue \u00e9galement une \u00e9tape importante dans le long processus de lutte men\u00e9e par Feu SM Mohammed V pour la lib\u00e9ration du Maroc du joug de l\u2019occupation, un processus poursuivi par Feu S.M. Hassan II pour la r\u00e9cup\u00e9ration des provinces du Sud du Royaume. En concomitance, le Maroc menait un combat politique pour parachever son unit\u00e9 nationale et d\u00e9ployait une action diplomatique intense au niveau des instances internationales. En effet, Feu SM Mohammed V n\u2019avait cess\u00e9 de r\u00e9clamer le droit du Royaume de lib\u00e9rer son Sahara, notamment dans son c\u00e9l\u00e8bre discours prononc\u00e9 le 25 f\u00e9vrier 1958 \u00e0 M\u2019Hamid Al Ghizlane o\u00f9 le d\u00e9funt Souverain avait \u00e9t\u00e9 accueilli par les d\u00e9l\u00e9gations et les repr\u00e9sentants des tribus sahraouies qui ont afflu\u00e9 de partout pour renouveler leur all\u00e9geance au Roi et r\u00e9affirmer leur engagement \u00e0 d\u00e9fendre l\u2019int\u00e9grit\u00e9 territoriale du Royaume.<\/p>\n<p class=\"has-black-color has-text-color\">Ces acquis ont conduit en 1958 \u00e0 la r\u00e9cup\u00e9ration de Tarfaya, de Sidi Ifni en 1969 et au recouvrement des provinces du Sud \u00e0 la faveur de la Glorieuse Marche verte, couronn\u00e9e par le d\u00e9part du dernier soldat espagnol le 28 f\u00e9vrier 1976. Ces deux glorieux anniversaires, c\u00e9l\u00e9br\u00e9s dans un climat de fiert\u00e9 et de joie nationale, constituent une opportunit\u00e9 pour rappeler la solidit\u00e9, la profondeur et la continuit\u00e9 ind\u00e9fectible des liens historiques unissant les provinces du Sud au Maroc et l\u2019attachement inali\u00e9nable des tribus sahraouies aux Souverains et au Glorieux Tr\u00f4ne Alaouite et leur mobilisation constante, aux c\u00f4t\u00e9s de leurs compatriotes des autres r\u00e9gions du Royaume, pour faire face \u00e0 toutes les man\u0153uvres visant \u00e0 nuire aux constantes de la nation.<\/p>\n<p class=\"has-black-color has-text-color\">Sous la conduite \u00e9clair\u00e9e de SM le Roi Mohammed VI, le Maroc acc\u00e9l\u00e8re aujourd\u2019hui son \u00e9lan de mobilisation pour d\u00e9fendre son int\u00e9grit\u00e9 territoriale ch\u00e8rement acquise, tout en r\u00e9affirmant au monde entier sa ferme volont\u00e9 d\u2019\u0153uvrer \u00e0 mettre fin au conflit artificiel autour du Sahara marocain.<br \/>Pour se rem\u00e9morer cet \u00e9v\u00e9nement marquant de l\u2019Histoire du Maroc, le Haut-Commissariat aux anciens r\u00e9sistants et membres de l\u2019Arm\u00e9e de lib\u00e9ration organise des meetings \u00e0 La\u00e2youne (28 f\u00e9vrier), \u00e0 Es-Semara (1er mars) et \u00e0 Boujdour (2 mars).<\/p>\n<p>L\u2019article <a rel=\"nofollow\" href=\"http:\/\/albayane.press.ma\/deux-etapes-phares-dans-le-parachevement-de-lintegrite-territoriale.html\">Deux \u00e9tapes phares dans le parach\u00e8vement de l\u2019int\u00e9grit\u00e9 territoriale<\/a> est apparu en premier sur <a rel=\"nofollow\" href=\"http:\/\/albayane.press.ma\/\">ALBAYANE<\/a>.<\/p>\n<\/div>\n<p>Auteur: M&rsquo;hammed rahal<br \/>\n<a href=\"http:\/\/albayane.press.ma\/deux-etapes-phares-dans-le-parachevement-de-lintegrite-territoriale.html\">Cliquez ici pour lire l&rsquo;article depuis sa source.<\/a><\/p>\n","protected":false},"excerpt":{"rendered":"<p>La bataille de Dcheira et le d\u00e9part du dernier soldat \u00e9tranger des provinces du Sud Le peuple marocain et la famille de la r\u00e9sistance et des anciens membres de l\u2019Arm\u00e9e de lib\u00e9ration c\u00e9l\u00e8brent, lundi, le 64e anniversaire de la bataille de Dcheira, co\u00efncidant avec le 46e anniversaire du d\u00e9part du dernier soldat \u00e9tranger des provinces [&hellip;]<\/p>\n","protected":false},"author":1760,"featured_media":0,"comment_status":"closed","ping_status":"closed","sticky":false,"template":"","format":"standard","meta":{"fifu_image_url":"","fifu_image_alt":"","footnotes":""},"categories":[73,54],"tags":[],"class_list":["post-142093","post","type-post","status-publish","format-standard","hentry","category-actualite","category-maroc"],"_links":{"self":[{"href":"https:\/\/linitiative.ca\/International\/wp-json\/wp\/v2\/posts\/142093","targetHints":{"allow":["GET"]}}],"collection":[{"href":"https:\/\/linitiative.ca\/International\/wp-json\/wp\/v2\/posts"}],"about":[{"href":"https:\/\/linitiative.ca\/International\/wp-json\/wp\/v2\/types\/post"}],"author":[{"embeddable":true,"href":"https:\/\/linitiative.ca\/International\/wp-json\/wp\/v2\/users\/1760"}],"replies":[{"embeddable":true,"href":"https:\/\/linitiative.ca\/International\/wp-json\/wp\/v2\/comments?post=142093"}],"version-history":[{"count":0,"href":"https:\/\/linitiative.ca\/International\/wp-json\/wp\/v2\/posts\/142093\/revisions"}],"wp:attachment":[{"href":"https:\/\/linitiative.ca\/International\/wp-json\/wp\/v2\/media?parent=142093"}],"wp:term":[{"taxonomy":"category","embeddable":true,"href":"https:\/\/linitiative.ca\/International\/wp-json\/wp\/v2\/categories?post=142093"},{"taxonomy":"post_tag","embeddable":true,"href":"https:\/\/linitiative.ca\/International\/wp-json\/wp\/v2\/tags?post=142093"}],"curies":[{"name":"wp","href":"https:\/\/api.w.org\/{rel}","templated":true}]}}