{"id":142094,"date":"2022-03-01T13:00:00","date_gmt":"2022-03-01T18:00:00","guid":{"rendered":"https:\/\/linitiative.ca\/International\/le-conseil-libyen-des-droits-de-lhomme-prend-connaissance-de-lexperience-de-la-crdh-a-tanger\/"},"modified":"2022-03-01T13:00:00","modified_gmt":"2022-03-01T18:00:00","slug":"le-conseil-libyen-des-droits-de-lhomme-prend-connaissance-de-lexperience-de-la-crdh-a-tanger","status":"publish","type":"post","link":"https:\/\/linitiative.ca\/International\/le-conseil-libyen-des-droits-de-lhomme-prend-connaissance-de-lexperience-de-la-crdh-a-tanger\/","title":{"rendered":"Le Conseil libyen des droits de l\u2019Homme prend connaissance de l\u2019exp\u00e9rience de la CRDH \u00e0 Tanger"},"content":{"rendered":"<div>\n<p class=\"has-text-align-center has-vivid-red-color has-text-color\"><strong>Maroc \u2013 Libye<\/strong><\/p>\n<p class=\"has-black-color has-text-color\"><strong>Une d\u00e9l\u00e9gation du Conseil national des libert\u00e9s publiques et des droits de l\u2019Homme de Libye a effectu\u00e9, dimanche, une visite \u00e0 la Commission r\u00e9gionale des droits de l\u2019Homme (CRDH) de Tanger-T\u00e9touan-Al Hoceima.<\/strong><\/p>\n<p class=\"has-black-color has-text-color\">Cette visite a \u00e9t\u00e9 l\u2019occasion de prendre connaissance des comp\u00e9tences de la CRDH, ses r\u00f4les et ses domaines d\u2019intervention, en vue de d\u00e9fendre et prot\u00e9ger les droits de l\u2019Homme et de promouvoir la culture des droits humains, ainsi que d\u2019assurer le suivi de l\u2019effectivit\u00e9 des droits dans les politiques et les programmes r\u00e9gionaux au niveau de toutes les provinces de la r\u00e9gion Tanger-T\u00e9touan-Al Hoceima.<\/p>\n<p class=\"has-black-color has-text-color\">Cette d\u00e9l\u00e9gation, conduite par le pr\u00e9sident du Conseil national libyen des libert\u00e9s publiques et les droits de l\u2019Homme, Omar Hamad Attiyallah Hijazi, et compos\u00e9e de membres et de cadres administratifs du Conseil, a tenu une r\u00e9union de travail avec la pr\u00e9sidente de la CRDH, Soulma Taoud, et plusieurs membres de la commission r\u00e9gionale.<\/p>\n<p class=\"has-black-color has-text-color\">Selon une note d\u2019information de la Commission r\u00e9gionale, cette r\u00e9union a permis d\u2019\u00e9changer les exp\u00e9riences et les expertises, et les bonnes pratiques des deux institutions, r\u00e9gies par les normes \u00e9nonc\u00e9es dans les Principes de Paris approuv\u00e9s par l\u2019Assembl\u00e9e g\u00e9n\u00e9rale de l\u2019ONU en 1993.<\/p>\n<p class=\"has-black-color has-text-color\">Cette visite s\u2019inscrit dans le cadre des relations de coop\u00e9ration et de partenariat entre les institutions nationales des droits de l\u2019Homme du Royaume du Maroc et de la R\u00e9publique de Libye.<\/p>\n<p class=\"has-black-color has-text-color\">Il est \u00e0 noter qu\u2019un accord de coop\u00e9ration a \u00e9t\u00e9 sign\u00e9, vendredi, entre le Conseil national des droits de l\u2019Homme (CNDH) et le Conseil national des libert\u00e9s publiques et des droits de l\u2019Homme de Libye, visant \u00e0 jeter les bases d\u2019une action commune et des m\u00e9canismes de concertation, en vue de favoriser la promotion et la protection des droits humains dans les deux pays. En vertu de cet accord, les deux institutions s\u2019engagent \u00e0 \u00e9changer leurs exp\u00e9riences, \u00e0 collaborer sur les questions d\u2019int\u00e9r\u00eat commun et \u00e0 \u0153uvrer de concert pour identifier et initier des activit\u00e9s conjointes dans les domaines relevant de leurs comp\u00e9tences respectives.<\/p>\n<p class=\"has-black-color has-text-color\"><strong>Echanges et partage des exp\u00e9riences avec Mayara<\/strong><\/p>\n<p class=\"has-black-color has-text-color\">Le pr\u00e9sident de la Chambre des conseillers, Naama Mayara, a eu lundi \u00e0 Rabat une entrevue avec une d\u00e9l\u00e9gation libyenne, lors de laquelle il a expos\u00e9 l\u2019exp\u00e9rience marocaine en mati\u00e8re de convergence entre de l\u2019action des institutions constitutionnelles nationales et celle des autres instances publiques.<\/p>\n<p class=\"has-black-color has-text-color\">Un communiqu\u00e9 de la deuxi\u00e8me Chambre rapporte que cette d\u00e9l\u00e9gation conduite par le pr\u00e9sident dudit Conseil, Omar Hamad Attiyallah Hijazi, a pris connaissance de l\u2019exp\u00e9rience marocaine sur le plan de l\u2019harmonisation et la convergence entre l\u2019action des institutions constitutionnelles nationales et celle des autres instances publiques, ajoutant que M. Mayara a tout particuli\u00e8rement mis en avant la coop\u00e9ration fructueuse entre la Chambre des conseillers et le Conseil National des Droits de l\u2019Homme (CNDH) qui a permis de promouvoir les droits humains dans le Royaume, toutes g\u00e9n\u00e9rations confondues.<\/p>\n<p class=\"has-black-color has-text-color\">Le pr\u00e9sident de la Chambre des conseillers a, par ailleurs, \u00e9voqu\u00e9 les efforts que le Royaume ne cesse de d\u00e9ployer, conform\u00e9ment aux Hautes instructions de SM le Roi Mohammed VI, pour que la Libye retrouve sa force et sa stabilit\u00e9 de mani\u00e8re \u00e0 remplir de nouveau son r\u00f4le de leadership dans la r\u00e9gion, rappelant notamment la tenue de plusieurs rounds du dialogue libyen au Maroc qui est soucieux d\u2019une issue rapide du conflit libyen et d\u2019une r\u00e9unification de l\u2019ensemble des composantes de la Libye ainsi que l\u2019\u00e9dification d\u2019un \u00c9tat d\u00e9mocratique fort, capable de r\u00e9pondre aux attentes et aux ambitions l\u00e9gitimes du peuple libyen fr\u00e8re.<\/p>\n<p class=\"has-black-color has-text-color\">Pour sa part, le pr\u00e9sident du Conseil national des libert\u00e9s publiques et des droits de l\u2019Homme en Libye, Omar Hamad Attiyallah Hijazi, a indiqu\u00e9 que cette visite de la d\u00e9l\u00e9gation libyenne est motiv\u00e9e par le d\u00e9sir de s\u2019inspirer de l\u2019exp\u00e9rience marocaine dans le domaine des droits de l\u2019Homme, relevant que le Maroc dispose d\u2019une grande exp\u00e9rience en la mati\u00e8re et figure parmi les pays arabes les avanc\u00e9s dans le domaine et m\u00eame sur le plan international.<\/p>\n<p class=\"has-black-color has-text-color\">Il a aussi affirm\u00e9 que le Maroc est tr\u00e8s attach\u00e9 \u00e0 la stabilit\u00e9 de la situation sur le plan des droits de l\u2019Homme en Libye qui \u0153uvre \u00e0 leur promotion, soulignant que son Conseil est bien d\u00e9termin\u00e9 \u00e0 r\u00e9aliser cet objectif.<\/p>\n<p class=\"has-black-color has-text-color\"><strong>Entretiens avec Talbi Alami<\/strong><\/p>\n<p class=\"has-black-color has-text-color\">De son c\u00f4t\u00e9, le pr\u00e9sident de la Chambre des repr\u00e9sentants, Rachid Talbi Alami, s\u2019est entretenu, lundi \u00e0 Rabat, avec M. Omar Hamad Attiyallah Hijazi, en visite de travail au Maroc \u00e0 la t\u00eate d\u2019une importante d\u00e9l\u00e9gation.<\/p>\n<p class=\"has-black-color has-text-color\">Lors de cet entretien, M. Talbi El Alami a fait part de la disposition de la premi\u00e8re chambre \u00e0 coordonner et \u00e0 coop\u00e9rer et \u00e0 partager son exp\u00e9rience, M. Talbi Alami a pass\u00e9 en revue les principaux jalons de l\u2019exp\u00e9rience singuli\u00e8re et distingu\u00e9e du Royaume en mati\u00e8re de droits de l\u2019homme.<\/p>\n<p class=\"has-black-color has-text-color\">De son c\u00f4t\u00e9, M. Omar Hamad Attiyallah Hijazi, a salu\u00e9 l\u2019exp\u00e9rience marocaine en mati\u00e8re des droits et des libert\u00e9s. \u00ab\u00a0Nous voulons construire sur des bases solides, et le Maroc a \u00e9t\u00e9 notre destination eu \u00e9gard \u00e0 sa langue exp\u00e9rience en la mati\u00e8re\u00a0\u00bb, a-t-il dit, se f\u00e9licitant que \u00ab\u00a0le Royaume du Maroc place les int\u00e9r\u00eats de la Libye au-dessus de toutes consid\u00e9rations\u00a0\u00bb. M. Omar Hamad Attiyallah Hijazi n\u2019a pas manqu\u00e9 de passer en revue l\u2019\u00e9volution et les pr\u00e9rogatives du Conseil National des libert\u00e9s publiques et des Droits de l\u2019Homme de Libye, relevant que le Conseil est en train de mettre en place un partenariat solide avec le CNDH.<\/p>\n<p>L\u2019article <a rel=\"nofollow\" href=\"http:\/\/albayane.press.ma\/le-conseil-libyen-des-droits-de-lhomme-prend-connaissance-de-lexperience-de-la-crdh-a-tanger.html\">Le Conseil libyen des droits de l\u2019Homme prend connaissance de l\u2019exp\u00e9rience de la CRDH \u00e0 Tanger<\/a> est apparu en premier sur <a rel=\"nofollow\" href=\"http:\/\/albayane.press.ma\/\">ALBAYANE<\/a>.<\/p>\n<\/div>\n<p>Auteur: M&rsquo;hammed rahal<br \/>\n<a href=\"http:\/\/albayane.press.ma\/le-conseil-libyen-des-droits-de-lhomme-prend-connaissance-de-lexperience-de-la-crdh-a-tanger.html\">Cliquez ici pour lire l&rsquo;article depuis sa source.<\/a><\/p>\n","protected":false},"excerpt":{"rendered":"<p>Maroc \u2013 Libye Une d\u00e9l\u00e9gation du Conseil national des libert\u00e9s publiques et des droits de l\u2019Homme de Libye a effectu\u00e9, dimanche, une visite \u00e0 la Commission r\u00e9gionale des droits de l\u2019Homme (CRDH) de Tanger-T\u00e9touan-Al Hoceima. Cette visite a \u00e9t\u00e9 l\u2019occasion de prendre connaissance des comp\u00e9tences de la CRDH, ses r\u00f4les et ses domaines d\u2019intervention, en [&hellip;]<\/p>\n","protected":false},"author":1760,"featured_media":0,"comment_status":"closed","ping_status":"closed","sticky":false,"template":"","format":"standard","meta":{"fifu_image_url":"","fifu_image_alt":"","footnotes":""},"categories":[73,54],"tags":[],"class_list":["post-142094","post","type-post","status-publish","format-standard","hentry","category-actualite","category-maroc"],"_links":{"self":[{"href":"https:\/\/linitiative.ca\/International\/wp-json\/wp\/v2\/posts\/142094","targetHints":{"allow":["GET"]}}],"collection":[{"href":"https:\/\/linitiative.ca\/International\/wp-json\/wp\/v2\/posts"}],"about":[{"href":"https:\/\/linitiative.ca\/International\/wp-json\/wp\/v2\/types\/post"}],"author":[{"embeddable":true,"href":"https:\/\/linitiative.ca\/International\/wp-json\/wp\/v2\/users\/1760"}],"replies":[{"embeddable":true,"href":"https:\/\/linitiative.ca\/International\/wp-json\/wp\/v2\/comments?post=142094"}],"version-history":[{"count":0,"href":"https:\/\/linitiative.ca\/International\/wp-json\/wp\/v2\/posts\/142094\/revisions"}],"wp:attachment":[{"href":"https:\/\/linitiative.ca\/International\/wp-json\/wp\/v2\/media?parent=142094"}],"wp:term":[{"taxonomy":"category","embeddable":true,"href":"https:\/\/linitiative.ca\/International\/wp-json\/wp\/v2\/categories?post=142094"},{"taxonomy":"post_tag","embeddable":true,"href":"https:\/\/linitiative.ca\/International\/wp-json\/wp\/v2\/tags?post=142094"}],"curies":[{"name":"wp","href":"https:\/\/api.w.org\/{rel}","templated":true}]}}