{"id":142095,"date":"2022-03-01T13:00:00","date_gmt":"2022-03-01T18:00:00","guid":{"rendered":"https:\/\/linitiative.ca\/International\/que-doit-faire-le-gouvernement-face-a-lenvolee-des-prix\/"},"modified":"2022-03-01T13:00:00","modified_gmt":"2022-03-01T18:00:00","slug":"que-doit-faire-le-gouvernement-face-a-lenvolee-des-prix","status":"publish","type":"post","link":"https:\/\/linitiative.ca\/International\/que-doit-faire-le-gouvernement-face-a-lenvolee-des-prix\/","title":{"rendered":"Que doit faire le gouvernement face \u00e0 l\u2019envol\u00e9e des prix ?"},"content":{"rendered":"<div>\n<p class=\"has-text-align-left has-black-color has-text-color\"><strong>La question de la hausse des prix touchant pratiquement tous les produits de premi\u00e8re n\u00e9cessit\u00e9 est sur toutes les l\u00e8vres.\u00a0 Elle fait partie des pr\u00e9occupations quotidiennes des citoyens et occupe une large place dans les m\u00e9dias et les r\u00e9seaux sociaux. Au point o\u00f9 tous les ingr\u00e9dients sont r\u00e9unis pour d\u00e9clencher une v\u00e9ritable grogne populaire qui risquerait de menacer s\u00e9rieusement notre stabilit\u00e9 sociale. Des avertissements et des signaux d\u2019alarme nous viennent de toutes parts auxquels le gouvernement se doit d\u2019\u00eatre attentif plus que jamais.<\/strong><\/p>\n<p class=\"has-text-align-left has-black-color has-text-color\">Il faut bien reconnaitre, objectivement parlant, que la situation est difficile et les probl\u00e8mes se compliquent de plus en plus sous la conjugaison de plusieurs facteurs \u00e0 la fois exog\u00e8nes et endog\u00e8nes\u00a0: hausse des prix sur le march\u00e9 mondial des produits alimentaires et \u00e9nerg\u00e9tiques dont les r\u00e9percussions sont imm\u00e9diates sur le Maroc, ph\u00e9nom\u00e8ne aggrav\u00e9 par la guerre d\u00e9clench\u00e9e par la Russie contre l\u2019Ukraine\u00a0; une s\u00e9cheresse s\u00e9v\u00e8re que le Maroc n\u2019a pas connue depuis quatre d\u00e9cennies. Tout cela dans une conjoncture o\u00f9 le pays ne s\u2019est pas enti\u00e8rement remis de la r\u00e9cession de 2020 puisque de larges pans de l\u2019activit\u00e9 souffrent encore des cons\u00e9quences de la pand\u00e9mie tels que le tourisme et les activit\u00e9s qui en d\u00e9pendent comme le transport a\u00e9rien, les agences de voyage l\u2019artisanat, la restauration \u2026<\/p>\n<p class=\"has-text-align-left has-black-color has-text-color\">Il faut \u00e9galement souligner que le gouvernement, en application des directives royales, n\u2019est pas rest\u00e9 inactif. Pour lutter contre les effets de la s\u00e9cheresse et en r\u00e9duire l\u2019impact, une enveloppe de 10 milliards DH est mobilis\u00e9e, dont 60% concernent le cr\u00e9dit agricole. De m\u00eame, les trois produits subventionn\u00e9s, \u00e0 savoir le gaz butane, le sucre et la farine nationale continuent de l\u2019\u00eatre en leur affectant une enveloppe de 16 milliards DH dans la loi de finances 2022.\u00a0 Ce montant est revu \u00e0 la hausse pour int\u00e9grer les derni\u00e8res augmentations des prix. Mais il faut aussi admettre que le citoyen ne vit pas que du pain et du th\u00e9. Quid des autres produits\u00a0? Et c\u2019est l\u00e0 o\u00f9 le gouvernement fait preuve d\u2019un manque d\u2019imagination et d\u2019audace.<\/p>\n<p class=\"has-text-align-left has-black-color has-text-color\">A ce niveau, le gouvernement se contente d\u2019incriminer le march\u00e9 mondial sur lequel il n\u2019a aucune prise. Il se comporte comme s\u2019il s\u2019agissait d\u2019une fatalit\u00e9, alors que des marges de man\u0153uvre sont possibles \u00e0 condition d\u2019avoir l\u2019audace politique de les saisir en d\u00e9passant les int\u00e9r\u00eats cat\u00e9goriels \u00e9troits. Prenons juste l\u2019exemple des carburants. N\u2019est-il pas opportun de prendre au s\u00e9rieux les propositions faites ici et l\u00e0 pour proc\u00e9der \u00e0 une sorte de plafonnement des prix \u00e0 la pompe en actionnant un certain nombre de leviers tels que la TIC (taxe int\u00e9rieure de consommation) et les marges b\u00e9n\u00e9ficiaires des distributeurs\u00a0? Une telle mesure aurait non seulement un impact positif sur l\u2019\u00e9conomie et le pouvoir d\u2019achat de la population, mais aussi, doperait le moral des citoyens et renforcerait leur confiance dans les institutions de leur pays. Ainsi, en r\u00e9duisant la TIC, le budget ne perdra pas grand-chose puisque le manque \u00e0 gagner sera largement compens\u00e9 par l\u2019augmentation de l\u2019assiette de cette taxe. D\u2019apr\u00e8s un simple calcul, on peut r\u00e9duire le taux de cette taxe de 10 points tout en gardant la m\u00eame recette\u00a0!<\/p>\n<p class=\"has-text-align-left has-black-color has-text-color\">Par ailleurs, concernant la r\u00e9duction des marges des distributeurs des hydrocarbures, elle ne sera que justice \u00e0 l\u2019\u00e9gard du consommateur dans la mesure o\u00f9, comme cela a \u00e9t\u00e9 d\u00e9montr\u00e9 par plusieurs rapports, les distributeurs ont b\u00e9n\u00e9fici\u00e9, depuis la lib\u00e9ralisation du secteur des hydrocarbures en 2015, d\u2019une position oligopolistique ayant conduit \u00e0 l\u2019accaparement d\u2019une rente socialement injuste et \u00e9conomiquement improductive. Nous n\u2019en voulons comme preuve que le rapport d\u2019information r\u00e9alis\u00e9 par la Commission parlementaire (mai 2018) et d\u2019autres travaux effectu\u00e9s par le Front National de d\u00e9fense de la SAMIR et de certains activistes de la soci\u00e9t\u00e9 civile qui se sont int\u00e9ress\u00e9 \u00e0 cette question.\u00a0 Pour ne citer que le dernier rapport de l\u2019association \u00ab\u00a0Damir\u00a0\u00bb, les profits jug\u00e9s \u00ab\u00a0ill\u00e9gitimes\u00a0\u00bb par l\u2019association ont culmin\u00e9 \u00e0 fin 2020 \u00e0 38,2 MM DH et ont d\u00e9pass\u00e9 de loin la bagatelle des 40 MM DH \u00e0 fin 2021\u00a0!!\u00a0 On peut discuter de l\u2019exactitude de ce chiffre, mais une chose est s\u00fbre\u00a0: de l\u2019abus, il y en avait, il y en a. Preuve\u00a0? Rarement, pour ne pas dire jamais, on a assist\u00e9 \u00e0 une r\u00e9duction cons\u00e9quente des prix \u00e0 la pompe suite \u00e0 l\u2019effondrement du prix du baril durant toute l\u2019ann\u00e9e 2020. Autrement dit, on sait r\u00e9percuter \u00e0 chaque fois qu\u2019il est question d\u2019une action \u00e0 la hausse, mais on a du mal \u00e0 le faire d\u00e8s qu\u2019il s\u2019agit de la baisse.\u00a0 Finalement, le citoyen usager est en droit d\u2019exiger la restitution de ce dont il est injustement spoli\u00e9\u00a0! C\u2019est une question de justice sociale. Voire de justice tout simplement.<\/p>\n<p class=\"has-text-align-left has-black-color has-text-color\">Autre levier sur lequel le gouvernement peut agir et il y va de sa responsabilit\u00e9, c\u2019est d\u2019assainir les circuits de commercialisation des biens, de r\u00e9duire les interm\u00e9diaires et autres parasites, de \u00ab\u00a0taper fort\u00a0\u00bb sur les sp\u00e9culateurs et les profiteurs de la crise comme cela a \u00e9t\u00e9 annonc\u00e9 au terme du dernier conseil du gouvernement. Les solutions existent, il suffit de consulter l\u2019avis rendu par le CESE sur la question\u00a0: \u00ab Pour une approche novatrice et int\u00e9gr\u00e9e de la commercialisation des produits agricoles \u00bb.\u00a0 Aussi, l\u2019action gouvernementale\u00a0\u00a0 ne devra pas \u00eatre circonstancielle et \u00e9pisodique comme on a coutume de le v\u00e9rifier \u00e0 l\u2019approche de chaque mois sacr\u00e9 de Ramadan.\u00a0 Sinon \u00e7a peut \u00eatre compris par ces sp\u00e9culateurs comme suit\u00a0: \u00ab\u00a0\u00e9pargnez-nous le mois de ramadan et vous aurez toute l\u2019ann\u00e9e pour vous rattraper\u00a0\u00bb\u00a0!!<\/p>\n<p class=\"has-text-align-left has-black-color has-text-color\">En d\u00e9finitive, le gouvernement est invit\u00e9 \u00e0 tout faire pour juguler l\u2019inflation pour que la tendance en cours ne se transforme pas en inflation galopante. Il y va de la protection du pouvoir d\u2019achat des citoyens, de la pr\u00e9servation de leur dignit\u00e9 et, par cons\u00e9quent, de la stabilit\u00e9 de notre pays. Il ne faut surtout pas se laisser bercer par les chiffres relativement rassurants du HCP et de Bank Al-Maghrib qui \u00e9valuent le taux d\u2019inflation \u00e0 1,8% pour 2021 et 2022, contre 0,8% en 2020.\u00a0 La r\u00e9alit\u00e9 sur le terrain, telle qu\u2019elle est v\u00e9cue et ressentie, est diff\u00e9rente.\u00a0 Au gouvernement d\u2019en tenir compte et faire preuve de son engagement pour s\u2019attaquer avec d\u00e9termination \u00e0 ce fl\u00e9au.<\/p>\n<p>L\u2019article <a rel=\"nofollow\" href=\"http:\/\/albayane.press.ma\/que-doit-faire-le-gouvernement-face-a-lenvolee-des-prix.html\">Que doit faire le gouvernement face \u00e0 l\u2019envol\u00e9e des prix ?<\/a> est apparu en premier sur <a rel=\"nofollow\" href=\"http:\/\/albayane.press.ma\/\">ALBAYANE<\/a>.<\/p>\n<\/div>\n<p>Auteur: M&rsquo;hammed rahal<br \/>\n<a href=\"http:\/\/albayane.press.ma\/que-doit-faire-le-gouvernement-face-a-lenvolee-des-prix.html\">Cliquez ici pour lire l&rsquo;article depuis sa source.<\/a><\/p>\n","protected":false},"excerpt":{"rendered":"<p>La question de la hausse des prix touchant pratiquement tous les produits de premi\u00e8re n\u00e9cessit\u00e9 est sur toutes les l\u00e8vres.\u00a0 Elle fait partie des pr\u00e9occupations quotidiennes des citoyens et occupe une large place dans les m\u00e9dias et les r\u00e9seaux sociaux. Au point o\u00f9 tous les ingr\u00e9dients sont r\u00e9unis pour d\u00e9clencher une v\u00e9ritable grogne populaire qui [&hellip;]<\/p>\n","protected":false},"author":1760,"featured_media":0,"comment_status":"closed","ping_status":"closed","sticky":false,"template":"","format":"standard","meta":{"fifu_image_url":"","fifu_image_alt":"","footnotes":""},"categories":[73,54],"tags":[],"class_list":["post-142095","post","type-post","status-publish","format-standard","hentry","category-actualite","category-maroc"],"_links":{"self":[{"href":"https:\/\/linitiative.ca\/International\/wp-json\/wp\/v2\/posts\/142095","targetHints":{"allow":["GET"]}}],"collection":[{"href":"https:\/\/linitiative.ca\/International\/wp-json\/wp\/v2\/posts"}],"about":[{"href":"https:\/\/linitiative.ca\/International\/wp-json\/wp\/v2\/types\/post"}],"author":[{"embeddable":true,"href":"https:\/\/linitiative.ca\/International\/wp-json\/wp\/v2\/users\/1760"}],"replies":[{"embeddable":true,"href":"https:\/\/linitiative.ca\/International\/wp-json\/wp\/v2\/comments?post=142095"}],"version-history":[{"count":0,"href":"https:\/\/linitiative.ca\/International\/wp-json\/wp\/v2\/posts\/142095\/revisions"}],"wp:attachment":[{"href":"https:\/\/linitiative.ca\/International\/wp-json\/wp\/v2\/media?parent=142095"}],"wp:term":[{"taxonomy":"category","embeddable":true,"href":"https:\/\/linitiative.ca\/International\/wp-json\/wp\/v2\/categories?post=142095"},{"taxonomy":"post_tag","embeddable":true,"href":"https:\/\/linitiative.ca\/International\/wp-json\/wp\/v2\/tags?post=142095"}],"curies":[{"name":"wp","href":"https:\/\/api.w.org\/{rel}","templated":true}]}}