{"id":142096,"date":"2022-03-01T13:00:00","date_gmt":"2022-03-01T18:00:00","guid":{"rendered":"https:\/\/linitiative.ca\/International\/la-nissan-leaf-soffre-un-leger-lifting\/"},"modified":"2022-03-01T13:00:00","modified_gmt":"2022-03-01T18:00:00","slug":"la-nissan-leaf-soffre-un-leger-lifting","status":"publish","type":"post","link":"https:\/\/linitiative.ca\/International\/la-nissan-leaf-soffre-un-leger-lifting\/","title":{"rendered":"La Nissan Leaf s\u2019offre un l\u00e9ger lifting"},"content":{"rendered":"<div>\n<p class=\"has-text-align-center has-vivid-cyan-blue-color has-text-color\"><strong>Toujours \u00e0 la pointe de la technologie<\/strong><\/p>\n<p class=\"has-black-color has-text-color\"><strong>La Nissan Leaf, consid\u00e9r\u00e9 comme le premier v\u00e9hicule 100% \u00e9lectrique grand public au monde, b\u00e9n\u00e9ficie pour 2022 d\u2019un l\u00e9ger coup de crayon pour rester dans l\u2019air du temps.<\/strong><\/p>\n<p class=\"has-black-color has-text-color\">La Leaf 2022 sera commercialis\u00e9e d\u00e8s le mois d\u2019avril, alors que Nissan continue d\u2019acc\u00e9l\u00e9rer vers l\u2019\u00e9lectrification de ses gammes de produits avec une offensive majeure qui permettra de proposer une gamme largement \u00e9lectrifi\u00e9e apr\u00e8s l\u2019\u00e9t\u00e9.<\/p>\n<p class=\"has-black-color has-text-color\"><em>\u00ab La Nissan Leaf a toujours eu pour objectif de rendre la technologie de pointe et le plaisir de la conduite 100% \u00e9lectrique accessibles \u00e0 tous. La Leaf 2022 s\u2019appuie sur cette philosophie, offrant aux clients un design attrayant, une connectivit\u00e9 performante et une motorisation efficiente\u00a0\u00bb, d\u00e9clare le constructeur dans un communiqu\u00e9. <\/em><\/p>\n<p class=\"has-black-color has-text-color\">La Leaf 2022 re\u00e7oit de subtiles modifications de style ext\u00e9rieur qui renforcent l\u2019apparence distinctive de ce mod\u00e8le. Les nouvelles jantes en alliage de 16 et 17 pouces apportent un \u00e9l\u00e9ment de sportivit\u00e9 accru et une surface noire lisse, qui ajoute une touche d\u2019\u00e9l\u00e9gance, orne d\u00e9sormais la face avant. Les jantes, ainsi que la calandre, arborent le nouveau logo Nissan.<\/p>\n<p class=\"has-black-color has-text-color\">Les clients de la Leaf 2022 b\u00e9n\u00e9ficient \u00e9galement d\u2019une nouvelle palette de couleurs \u00e9largie avec des teintes plus \u00e9l\u00e9gantes et modernes. Enrichissant une offre totale de cinq couleurs unies et cinq options bicolores, deux nouvelles teintes sont disponibles sur toutes les versions :\u00a0<em>Bleu Sukumo<\/em>\u00a0et<em> Bleu Magn\u00e9tique qui<\/em>apporte encore plus de dynamisme au mod\u00e8le.<\/p>\n<p class=\"has-black-color has-text-color\"><strong>Une exp\u00e9rience de conduite efficiente et connect\u00e9e<\/strong><\/p>\n<p class=\"has-black-color has-text-color\">Forte de plus de 10 ans d\u2019exp\u00e9rience de Nissan dans la conception et l\u2019innovation en mati\u00e8re de v\u00e9hicules \u00e9lectriques, la Leaf 2022, disponible avec deux options de batterie, offre jusqu\u2019\u00e0 385 km d\u2019autonomie.<\/p>\n<p class=\"has-black-color has-text-color\"><em>\u00ab Alors que la popularit\u00e9 des v\u00e9hicules \u00e9lectriques ne cesse de cro\u00eetre, Nissan continue d\u2019\u00e9crire un chapitre passionnant de son histoire en mati\u00e8re de mobilit\u00e9 \u00e9lectrique. La Leaf a jou\u00e9 un r\u00f4le cl\u00e9 dans l\u2019\u00e9laboration de la vision de Nissan en mati\u00e8re de mobilit\u00e9 et au-del\u00e0. Nous tirons parti de notre expertise en mati\u00e8re de v\u00e9hicules \u00e9lectriques pour lancer 23 nouveaux mod\u00e8les \u00e9lectrifi\u00e9s \u2013 dont 15 v\u00e9hicules 100% \u00e9lectriques \u2013 d\u2019ici l\u2019exercice 2030\u00a0\u00bb, se f\u00e9licite Nissan dans son communiqu\u00e9.<\/em><\/p>\n<p class=\"has-black-color has-text-color\">La technologie ProPILOT permet \u00e0 la Leaf 2022 d\u2019automatiquement s\u2019arr\u00eater, d\u00e9marrer et maintenir une distance de s\u00e9curit\u00e9 par rapport au v\u00e9hicule qui pr\u00e9c\u00e8de. L\u2019e-Pedal offre la possibilit\u00e9 d\u2019acc\u00e9l\u00e9rer, de d\u00e9c\u00e9l\u00e9rer et de s\u2019arr\u00eater avec la seule p\u00e9dale d\u2019acc\u00e9l\u00e9rateur pour un confort maximal.<\/p>\n<p class=\"has-black-color has-text-color\">La Leaf 2022 offre \u00e9galement un ensemble complet de fonctionnalit\u00e9s d\u2019infodivertissement au sein du syst\u00e8me NissanConnect, et propose une int\u00e9gration simplifi\u00e9e des smartphones via Android Auto et Apple CarPlay. Ainsi, l\u2019application NissanConnect permet de commander \u00e0 distance plusieurs fonctionnalit\u00e9s telles que la climatisation. La Leaf peut \u00e9galement se connecter \u00e0 l\u2019assistant vocal Amazon Alexa pour plus de commodit\u00e9.<\/p>\n<p>L\u2019article <a rel=\"nofollow\" href=\"http:\/\/albayane.press.ma\/la-nissan-leaf-soffre-un-leger-lifting.html\">La Nissan Leaf s\u2019offre un l\u00e9ger lifting<\/a> est apparu en premier sur <a rel=\"nofollow\" href=\"http:\/\/albayane.press.ma\/\">ALBAYANE<\/a>.<\/p>\n<\/div>\n<p>Auteur: M&rsquo;hammed rahal<br \/>\n<a href=\"http:\/\/albayane.press.ma\/la-nissan-leaf-soffre-un-leger-lifting.html\">Cliquez ici pour lire l&rsquo;article depuis sa source.<\/a><\/p>\n","protected":false},"excerpt":{"rendered":"<p>Toujours \u00e0 la pointe de la technologie La Nissan Leaf, consid\u00e9r\u00e9 comme le premier v\u00e9hicule 100% \u00e9lectrique grand public au monde, b\u00e9n\u00e9ficie pour 2022 d\u2019un l\u00e9ger coup de crayon pour rester dans l\u2019air du temps. La Leaf 2022 sera commercialis\u00e9e d\u00e8s le mois d\u2019avril, alors que Nissan continue d\u2019acc\u00e9l\u00e9rer vers l\u2019\u00e9lectrification de ses gammes de [&hellip;]<\/p>\n","protected":false},"author":1760,"featured_media":0,"comment_status":"closed","ping_status":"closed","sticky":false,"template":"","format":"standard","meta":{"fifu_image_url":"","fifu_image_alt":"","footnotes":""},"categories":[73,54],"tags":[],"class_list":["post-142096","post","type-post","status-publish","format-standard","hentry","category-actualite","category-maroc"],"_links":{"self":[{"href":"https:\/\/linitiative.ca\/International\/wp-json\/wp\/v2\/posts\/142096","targetHints":{"allow":["GET"]}}],"collection":[{"href":"https:\/\/linitiative.ca\/International\/wp-json\/wp\/v2\/posts"}],"about":[{"href":"https:\/\/linitiative.ca\/International\/wp-json\/wp\/v2\/types\/post"}],"author":[{"embeddable":true,"href":"https:\/\/linitiative.ca\/International\/wp-json\/wp\/v2\/users\/1760"}],"replies":[{"embeddable":true,"href":"https:\/\/linitiative.ca\/International\/wp-json\/wp\/v2\/comments?post=142096"}],"version-history":[{"count":0,"href":"https:\/\/linitiative.ca\/International\/wp-json\/wp\/v2\/posts\/142096\/revisions"}],"wp:attachment":[{"href":"https:\/\/linitiative.ca\/International\/wp-json\/wp\/v2\/media?parent=142096"}],"wp:term":[{"taxonomy":"category","embeddable":true,"href":"https:\/\/linitiative.ca\/International\/wp-json\/wp\/v2\/categories?post=142096"},{"taxonomy":"post_tag","embeddable":true,"href":"https:\/\/linitiative.ca\/International\/wp-json\/wp\/v2\/tags?post=142096"}],"curies":[{"name":"wp","href":"https:\/\/api.w.org\/{rel}","templated":true}]}}