{"id":142097,"date":"2022-03-01T13:00:00","date_gmt":"2022-03-01T18:00:00","guid":{"rendered":"https:\/\/linitiative.ca\/International\/volvo-suspend-ventes-et-production-en-russie\/"},"modified":"2022-03-01T13:00:00","modified_gmt":"2022-03-01T18:00:00","slug":"volvo-suspend-ventes-et-production-en-russie","status":"publish","type":"post","link":"https:\/\/linitiative.ca\/International\/volvo-suspend-ventes-et-production-en-russie\/","title":{"rendered":"Volvo suspend ventes et production en Russie"},"content":{"rendered":"<div>\n<p class=\"has-black-color has-text-color\"><strong>Le constructeur su\u00e9dois de poids lourds Volvo Group a annonc\u00e9 lundi qu\u2019il avait interrompu la production dans son usine russe ainsi que ses ventes dans le pays, en raison des sanctions et de la d\u00e9t\u00e9rioration de la situation s\u00e9curitaire.<br \/>Les fournisseurs du groupe avaient \u00e9t\u00e9 inform\u00e9s d\u00e8s vendredi que Volvo n\u2019accepterait plus de livraisons \u00e0 l\u2019usine de Kaluga, \u00e0 quelque 150 kilom\u00e8tres au sud-ouest de Moscou, a d\u00e9clar\u00e9 un porte-parole de Volvo, Claes Eliasson.<br \/>\u00ab\u00a0En cons\u00e9quence, la ligne de production a \u00e9t\u00e9 arr\u00eat\u00e9e ce lundi\u00a0\u00bb, a-t-il d\u00e9clar\u00e9 en l\u2019expliquant en partie les sanctions qui sont entr\u00e9es en vigueur et la situation s\u00e9curitaire g\u00e9n\u00e9rale dans la r\u00e9gion, \u00ab\u00a0La production resterait arr\u00eat\u00e9e jusqu\u2019\u00e0 nouvel ordre\u00a0\u00bb, a-t-il soulign\u00e9.<br \/>Les ventes de poids lourds ont \u00e9t\u00e9 suspendues en Russie ainsi qu\u2019en Ukraine, du fait de la d\u00e9t\u00e9rioration de la situation s\u00e9curitaire.<br \/>Notons que les ventes en Russie et en Ukraine repr\u00e9sentaient 3,5% du chiffre d\u2019affaires du constructeur su\u00e9dois en 2021 et quelque 5000 camions sont produits chaque ann\u00e9e dans l\u2019usine de Kaluga, selon Eliasson.<\/strong><\/p>\n<p>L\u2019article <a rel=\"nofollow\" href=\"http:\/\/albayane.press.ma\/volvo-suspend-ventes-et-production-en-russie.html\">Volvo suspend ventes et production en Russie<\/a> est apparu en premier sur <a rel=\"nofollow\" href=\"http:\/\/albayane.press.ma\/\">ALBAYANE<\/a>.<\/p>\n<\/div>\n<p>Auteur: M&rsquo;hammed rahal<br \/>\n<a href=\"http:\/\/albayane.press.ma\/volvo-suspend-ventes-et-production-en-russie.html\">Cliquez ici pour lire l&rsquo;article depuis sa source.<\/a><\/p>\n","protected":false},"excerpt":{"rendered":"<p>Le constructeur su\u00e9dois de poids lourds Volvo Group a annonc\u00e9 lundi qu\u2019il avait interrompu la production dans son usine russe ainsi que ses ventes dans le pays, en raison des sanctions et de la d\u00e9t\u00e9rioration de la situation s\u00e9curitaire.Les fournisseurs du groupe avaient \u00e9t\u00e9 inform\u00e9s d\u00e8s vendredi que Volvo n\u2019accepterait plus de livraisons \u00e0 l\u2019usine [&hellip;]<\/p>\n","protected":false},"author":1760,"featured_media":0,"comment_status":"closed","ping_status":"closed","sticky":false,"template":"","format":"standard","meta":{"fifu_image_url":"","fifu_image_alt":"","footnotes":""},"categories":[73,54],"tags":[],"class_list":["post-142097","post","type-post","status-publish","format-standard","hentry","category-actualite","category-maroc"],"_links":{"self":[{"href":"https:\/\/linitiative.ca\/International\/wp-json\/wp\/v2\/posts\/142097","targetHints":{"allow":["GET"]}}],"collection":[{"href":"https:\/\/linitiative.ca\/International\/wp-json\/wp\/v2\/posts"}],"about":[{"href":"https:\/\/linitiative.ca\/International\/wp-json\/wp\/v2\/types\/post"}],"author":[{"embeddable":true,"href":"https:\/\/linitiative.ca\/International\/wp-json\/wp\/v2\/users\/1760"}],"replies":[{"embeddable":true,"href":"https:\/\/linitiative.ca\/International\/wp-json\/wp\/v2\/comments?post=142097"}],"version-history":[{"count":0,"href":"https:\/\/linitiative.ca\/International\/wp-json\/wp\/v2\/posts\/142097\/revisions"}],"wp:attachment":[{"href":"https:\/\/linitiative.ca\/International\/wp-json\/wp\/v2\/media?parent=142097"}],"wp:term":[{"taxonomy":"category","embeddable":true,"href":"https:\/\/linitiative.ca\/International\/wp-json\/wp\/v2\/categories?post=142097"},{"taxonomy":"post_tag","embeddable":true,"href":"https:\/\/linitiative.ca\/International\/wp-json\/wp\/v2\/tags?post=142097"}],"curies":[{"name":"wp","href":"https:\/\/api.w.org\/{rel}","templated":true}]}}