{"id":142111,"date":"2022-03-02T05:29:00","date_gmt":"2022-03-02T10:29:00","guid":{"rendered":"https:\/\/linitiative.ca\/International\/marc-gerard-nouveau-representant-resident-du-fmi-a-tunis\/"},"modified":"2022-03-02T05:29:00","modified_gmt":"2022-03-02T10:29:00","slug":"marc-gerard-nouveau-representant-resident-du-fmi-a-tunis","status":"publish","type":"post","link":"https:\/\/linitiative.ca\/International\/marc-gerard-nouveau-representant-resident-du-fmi-a-tunis\/","title":{"rendered":"Marc G\u00e9rard, nouveau repr\u00e9sentant r\u00e9sident du FMI \u00e0 Tunis"},"content":{"rendered":"<div><img decoding=\"async\" src=\"https:\/\/linitiative.ca\/International\/wp-content\/uploads\/sites\/23\/2022\/03\/1646209773_article.jpg\" alt=\"Marc G\u00e9rard, nouveau repr\u00e9sentant r\u00e9sident du FMI \u00e0 Tunis\" align=\"left\">Il succ\u00e8de \u00e0 J\u00e9r\u00f4me Vacher \u00e0 Tunis, en pleine reprise des discussions entre la Tunisie et le Fonds mon\u00e9taire international, avec pour mission de contribuer \u00e0 leur aboutissement, puis \u00e0 la mise en \u0153uvre de l\u2019accord qui sera conclu.<br \/>\nMarc G\u00e9rard, \u00e9conomiste, ancien \u00e9l\u00e8ve de l\u2019Ecole normale sup\u00e9rieure de Cachan et de l\u2019Institut d\u2019\u00e9tudes politiques de Paris (Science Po), y apporte une riche exp\u00e9rience de 22 ans de carri\u00e8re, dont 12 au sein du FMI. Apr\u00e8s un bref passage \u00e0 la Commission des op\u00e9rations de Bourse \u00e0 Paris (2000-2001), puis la Deutsche Bank, Debt Capital Markets (2001), il rejoindra l\u2019Ocde (2005), avant d\u2019accomplir quatre ann\u00e9es \u00e0 la Direction du &#8230;<\/p>\n<\/div>\n<p>Auteur:<br \/>\n<a href=\"https:\/\/www.leaders.com.tn\/article\/33027-marc-gerard-nouveau-representant-resident-du-fmi-a-tunis\">Cliquez ici pour lire l&rsquo;article depuis sa source.<\/a><\/p>\n","protected":false},"excerpt":{"rendered":"<p>Il succ\u00e8de \u00e0 J\u00e9r\u00f4me Vacher \u00e0 Tunis, en pleine reprise des discussions entre la Tunisie et le Fonds mon\u00e9taire international, avec pour mission de contribuer \u00e0 leur aboutissement, puis \u00e0 la mise en \u0153uvre de l\u2019accord qui sera conclu. Marc G\u00e9rard, \u00e9conomiste, ancien \u00e9l\u00e8ve de l\u2019Ecole normale sup\u00e9rieure de Cachan et de l\u2019Institut d\u2019\u00e9tudes politiques [&hellip;]<\/p>\n","protected":false},"author":1772,"featured_media":0,"comment_status":"closed","ping_status":"closed","sticky":false,"template":"","format":"standard","meta":{"fifu_image_url":"http:\/\/www.leaders.com.tn\/uploads\/content\/thumbnails_small\/1646209773_article.jpg","fifu_image_alt":"Marc G\u00e9rard, nouveau repr\u00e9sentant r\u00e9sident du FMI \u00e0 Tunis","footnotes":""},"categories":[73,55],"tags":[],"class_list":["post-142111","post","type-post","status-publish","format-standard","hentry","category-actualite","category-tunisie"],"_links":{"self":[{"href":"https:\/\/linitiative.ca\/International\/wp-json\/wp\/v2\/posts\/142111","targetHints":{"allow":["GET"]}}],"collection":[{"href":"https:\/\/linitiative.ca\/International\/wp-json\/wp\/v2\/posts"}],"about":[{"href":"https:\/\/linitiative.ca\/International\/wp-json\/wp\/v2\/types\/post"}],"author":[{"embeddable":true,"href":"https:\/\/linitiative.ca\/International\/wp-json\/wp\/v2\/users\/1772"}],"replies":[{"embeddable":true,"href":"https:\/\/linitiative.ca\/International\/wp-json\/wp\/v2\/comments?post=142111"}],"version-history":[{"count":0,"href":"https:\/\/linitiative.ca\/International\/wp-json\/wp\/v2\/posts\/142111\/revisions"}],"wp:attachment":[{"href":"https:\/\/linitiative.ca\/International\/wp-json\/wp\/v2\/media?parent=142111"}],"wp:term":[{"taxonomy":"category","embeddable":true,"href":"https:\/\/linitiative.ca\/International\/wp-json\/wp\/v2\/categories?post=142111"},{"taxonomy":"post_tag","embeddable":true,"href":"https:\/\/linitiative.ca\/International\/wp-json\/wp\/v2\/tags?post=142111"}],"curies":[{"name":"wp","href":"https:\/\/api.w.org\/{rel}","templated":true}]}}