{"id":142115,"date":"2022-03-02T12:12:00","date_gmt":"2022-03-02T17:12:00","guid":{"rendered":"https:\/\/linitiative.ca\/International\/la-securite-energetique-de-la-tunisie-a-lhorizon-2030-une-nouvelle-etude-de-lites\/"},"modified":"2022-03-02T12:12:00","modified_gmt":"2022-03-02T17:12:00","slug":"la-securite-energetique-de-la-tunisie-a-lhorizon-2030-une-nouvelle-etude-de-lites","status":"publish","type":"post","link":"https:\/\/linitiative.ca\/International\/la-securite-energetique-de-la-tunisie-a-lhorizon-2030-une-nouvelle-etude-de-lites\/","title":{"rendered":"La s\u00e9curit\u00e9 \u00e9nerg\u00e9tique de la Tunisie \u00e0 l&rsquo;horizon 2030 : une nouvelle \u00e9tude de l\u2019ITES"},"content":{"rendered":"<div><img decoding=\"async\" src=\"https:\/\/linitiative.ca\/International\/wp-content\/uploads\/sites\/23\/2022\/03\/1646237953_article.jpg\" alt=\"La s\u00e9curit\u00e9 \u00e9nerg\u00e9tique de la Tunisie \u00e0 l\" horizon : une nouvelle de l align=\"left\">Au cours de la derni\u00e8re d\u00e9cennie, l\u2019ind\u00e9pendance \u00e9nerg\u00e9tique de la Tunisie s\u2019est sensiblement d\u00e9grad\u00e9e avec d\u2019importantes r\u00e9percussions n\u00e9gatives sur les comptes de la Nation. Dans un contexte \u00e9nerg\u00e9tique mondial en mutation, un contexte s\u00e9curitaire r\u00e9gional incertain et de profonds changements du contexte national, la s\u00e9curit\u00e9 \u00e9nerg\u00e9tique risque d\u2019\u00eatre encore plus fragilis\u00e9e au cours des prochaines ann\u00e9es.\u2028L&rsquo;ITES vient de partager en ligne une \u00e9tude sur \u00a0\u00bbla s\u00e9curit\u00e9 \u00e9nerg\u00e9tique de la Tunisie \u00e0 l&rsquo;horizon 2030\u00a0\u00bb. Cette\u00a0\u00e9tude comporte quatre parties :<br \/>\n1.\u00a0\u00a0\u00a0 La premi\u00e8re partie\u00a0de l&rsquo;\u00e9tude traite de la probl\u00e9matique de la s\u00e9curit\u00e9 \u00e9nerg\u00e9tique. &#8230;<\/p>\n<\/div>\n<p>Auteur:<br \/>\n<a href=\"https:\/\/www.leaders.com.tn\/article\/33031-la-securite-energetique-de-la-tunisie-a-l-horizon-2030-une-nouvelle-etude-de-l-ites\">Cliquez ici pour lire l&rsquo;article depuis sa source.<\/a><\/p>\n","protected":false},"excerpt":{"rendered":"<p>Au cours de la derni\u00e8re d\u00e9cennie, l\u2019ind\u00e9pendance \u00e9nerg\u00e9tique de la Tunisie s\u2019est sensiblement d\u00e9grad\u00e9e avec d\u2019importantes r\u00e9percussions n\u00e9gatives sur les comptes de la Nation. Dans un contexte \u00e9nerg\u00e9tique mondial en mutation, un contexte s\u00e9curitaire r\u00e9gional incertain et de profonds changements du contexte national, la s\u00e9curit\u00e9 \u00e9nerg\u00e9tique risque d\u2019\u00eatre encore plus fragilis\u00e9e au cours des prochaines [&hellip;]<\/p>\n","protected":false},"author":1772,"featured_media":0,"comment_status":"closed","ping_status":"closed","sticky":false,"template":"","format":"standard","meta":{"fifu_image_url":"http:\/\/www.leaders.com.tn\/uploads\/content\/thumbnails_small\/1646237953_article.jpg","fifu_image_alt":"<div>La s\u00e9curit\u00e9 \u00e9nerg\u00e9tique de la Tunisie \u00e0 l'horizon 2030 : une nouvelle \u00e9tude de l\u2019ITES<\/div>","footnotes":""},"categories":[73,55],"tags":[],"class_list":["post-142115","post","type-post","status-publish","format-standard","hentry","category-actualite","category-tunisie"],"_links":{"self":[{"href":"https:\/\/linitiative.ca\/International\/wp-json\/wp\/v2\/posts\/142115","targetHints":{"allow":["GET"]}}],"collection":[{"href":"https:\/\/linitiative.ca\/International\/wp-json\/wp\/v2\/posts"}],"about":[{"href":"https:\/\/linitiative.ca\/International\/wp-json\/wp\/v2\/types\/post"}],"author":[{"embeddable":true,"href":"https:\/\/linitiative.ca\/International\/wp-json\/wp\/v2\/users\/1772"}],"replies":[{"embeddable":true,"href":"https:\/\/linitiative.ca\/International\/wp-json\/wp\/v2\/comments?post=142115"}],"version-history":[{"count":0,"href":"https:\/\/linitiative.ca\/International\/wp-json\/wp\/v2\/posts\/142115\/revisions"}],"wp:attachment":[{"href":"https:\/\/linitiative.ca\/International\/wp-json\/wp\/v2\/media?parent=142115"}],"wp:term":[{"taxonomy":"category","embeddable":true,"href":"https:\/\/linitiative.ca\/International\/wp-json\/wp\/v2\/categories?post=142115"},{"taxonomy":"post_tag","embeddable":true,"href":"https:\/\/linitiative.ca\/International\/wp-json\/wp\/v2\/tags?post=142115"}],"curies":[{"name":"wp","href":"https:\/\/api.w.org\/{rel}","templated":true}]}}