{"id":142119,"date":"2022-03-02T16:11:00","date_gmt":"2022-03-02T21:11:00","guid":{"rendered":"https:\/\/linitiative.ca\/International\/le-musicien-le-maestro-nejib-belhedi-nous-quitte\/"},"modified":"2022-03-02T16:11:00","modified_gmt":"2022-03-02T21:11:00","slug":"le-musicien-le-maestro-nejib-belhedi-nous-quitte","status":"publish","type":"post","link":"https:\/\/linitiative.ca\/International\/le-musicien-le-maestro-nejib-belhedi-nous-quitte\/","title":{"rendered":"Le musicien, le Maestro Nejib Belhedi nous quitte !"},"content":{"rendered":"<div><img decoding=\"async\" src=\"https:\/\/linitiative.ca\/International\/wp-content\/uploads\/sites\/23\/2022\/03\/1646252272_article.jpg\" alt=\"Le musicien, le Maestro Nejib Belhedi nous quitte !\" align=\"left\">Par Khadija T. Moalla &#8211; Comment parler de Nejib au pass\u00e9, j\u2019en suis incapable, car il est le pr\u00e9sent, il est la vie ! Gentleman- s\u00e9ducteur, bon vivant, rieur\u2026 aimant tellement la vie, aimant tellement ses amis !!!<br \/>\nNejib a tellement de cordes \u00e0 son arc ! Comment d\u00e9crire une si longue carri\u00e8re, sans oublier de grands chapitres ? Musicien, metteur en sc\u00e8ne, producteur\u2026la Rashidiya, la t\u00e9l\u00e9vision Tunisienne\u2026et tellement d\u2019autres lieu, tellement de souvenirs\u2026 !<br \/>\nEn pareilles circonstances et quand on rend hommage, je suis suppos\u00e9e citer toutes tes productions, tes belles photos prises tout au long de ta carri\u00e8re, le beau film, dont tu m\u2019avais offert une copie: \u00abLa &#8230;<\/p>\n<\/div>\n<p>Auteur:<br \/>\n<a href=\"https:\/\/www.leaders.com.tn\/article\/33032-le-musicien-le-maestro-nejib-belhedi-nous-quitte\">Cliquez ici pour lire l&rsquo;article depuis sa source.<\/a><\/p>\n","protected":false},"excerpt":{"rendered":"<p>Par Khadija T. Moalla &#8211; Comment parler de Nejib au pass\u00e9, j\u2019en suis incapable, car il est le pr\u00e9sent, il est la vie ! Gentleman- s\u00e9ducteur, bon vivant, rieur\u2026 aimant tellement la vie, aimant tellement ses amis !!! Nejib a tellement de cordes \u00e0 son arc ! Comment d\u00e9crire une si longue carri\u00e8re, sans oublier [&hellip;]<\/p>\n","protected":false},"author":1772,"featured_media":0,"comment_status":"closed","ping_status":"closed","sticky":false,"template":"","format":"standard","meta":{"fifu_image_url":"http:\/\/www.leaders.com.tn\/uploads\/content\/thumbnails_small\/1646252272_article.jpg","fifu_image_alt":"Le musicien, le Maestro Nejib Belhedi nous quitte !","footnotes":""},"categories":[73,55],"tags":[],"class_list":["post-142119","post","type-post","status-publish","format-standard","hentry","category-actualite","category-tunisie"],"_links":{"self":[{"href":"https:\/\/linitiative.ca\/International\/wp-json\/wp\/v2\/posts\/142119","targetHints":{"allow":["GET"]}}],"collection":[{"href":"https:\/\/linitiative.ca\/International\/wp-json\/wp\/v2\/posts"}],"about":[{"href":"https:\/\/linitiative.ca\/International\/wp-json\/wp\/v2\/types\/post"}],"author":[{"embeddable":true,"href":"https:\/\/linitiative.ca\/International\/wp-json\/wp\/v2\/users\/1772"}],"replies":[{"embeddable":true,"href":"https:\/\/linitiative.ca\/International\/wp-json\/wp\/v2\/comments?post=142119"}],"version-history":[{"count":0,"href":"https:\/\/linitiative.ca\/International\/wp-json\/wp\/v2\/posts\/142119\/revisions"}],"wp:attachment":[{"href":"https:\/\/linitiative.ca\/International\/wp-json\/wp\/v2\/media?parent=142119"}],"wp:term":[{"taxonomy":"category","embeddable":true,"href":"https:\/\/linitiative.ca\/International\/wp-json\/wp\/v2\/categories?post=142119"},{"taxonomy":"post_tag","embeddable":true,"href":"https:\/\/linitiative.ca\/International\/wp-json\/wp\/v2\/tags?post=142119"}],"curies":[{"name":"wp","href":"https:\/\/api.w.org\/{rel}","templated":true}]}}