{"id":142125,"date":"2022-03-02T14:21:41","date_gmt":"2022-03-02T19:21:41","guid":{"rendered":"https:\/\/linitiative.ca\/International\/pfizer-prevoit-detendre-ses-livraisons-dans-la-region-mea-en-2022\/"},"modified":"2022-03-02T14:21:41","modified_gmt":"2022-03-02T19:21:41","slug":"pfizer-prevoit-detendre-ses-livraisons-dans-la-region-mea-en-2022","status":"publish","type":"post","link":"https:\/\/linitiative.ca\/International\/pfizer-prevoit-detendre-ses-livraisons-dans-la-region-mea-en-2022\/","title":{"rendered":"Pfizer pr\u00e9voit d\u2019\u00e9tendre ses livraisons dans la r\u00e9gion MEA en 2022"},"content":{"rendered":"<div><img decoding=\"async\" width=\"746\" height=\"380\" src=\"https:\/\/linitiative.ca\/International\/wp-content\/uploads\/sites\/23\/2022\/03\/pfizerrrr.jpg\" class=\"attachment-post-thumbnail size-post-thumbnail wp-post-image\" alt=\"\" loading=\"lazy\" srcset=\"https:\/\/linitiative.ca\/International\/wp-content\/uploads\/sites\/23\/2022\/03\/pfizerrrr.jpg 746w, https:\/\/www.challenge.ma\/wp-content\/uploads\/2022\/03\/pfizerrrr-300x153.jpg 300w, https:\/\/www.challenge.ma\/wp-content\/uploads\/2022\/03\/pfizerrrr-360x183.jpg 360w\" sizes=\"auto, (max-width: 746px) 100vw, 746px\" itemprop=\"image\">Le g\u00e9ant pharmaceutique Pfizer a d\u00e9clar\u00e9 mardi qu\u2019il visait \u00e0 \u00e9tendre les livraisons de ses produits pharmaceutiques en Afrique et dans la r\u00e9gion du Moyen-Orient (MEA) en 2022. La soci\u00e9t\u00e9 pharmaceutique a organis\u00e9 une table ronde num\u00e9rique, en pr\u00e9sence du pr\u00e9sident r\u00e9gional de Pfizer, Patrick Van der Loo, et du<\/div>\n<p>Auteur: challenge<br \/>\n<a href=\"https:\/\/www.challenge.ma\/pfizer-prevoit-detendre-ses-livraisons-dans-la-region-mea-en-2022-233596\/\">Cliquez ici pour lire l&rsquo;article depuis sa source.<\/a><\/p>\n","protected":false},"excerpt":{"rendered":"<p>Le g\u00e9ant pharmaceutique Pfizer a d\u00e9clar\u00e9 mardi qu\u2019il visait \u00e0 \u00e9tendre les livraisons de ses produits pharmaceutiques en Afrique et dans la r\u00e9gion du Moyen-Orient (MEA) en 2022. La soci\u00e9t\u00e9 pharmaceutique a organis\u00e9 une table ronde num\u00e9rique, en pr\u00e9sence du pr\u00e9sident r\u00e9gional de Pfizer, Patrick Van der Loo, et du Auteur: challenge Cliquez ici pour [&hellip;]<\/p>\n","protected":false},"author":1787,"featured_media":0,"comment_status":"closed","ping_status":"closed","sticky":false,"template":"","format":"standard","meta":{"fifu_image_url":"https:\/\/www.challenge.ma\/wp-content\/uploads\/2022\/03\/pfizerrrr.jpg","fifu_image_alt":"Pfizer pr\u00e9voit d\u2019\u00e9tendre ses livraisons dans la r\u00e9gion MEA en 2022","footnotes":""},"categories":[78,54],"tags":[],"class_list":["post-142125","post","type-post","status-publish","format-standard","hentry","category-economie","category-maroc"],"_links":{"self":[{"href":"https:\/\/linitiative.ca\/International\/wp-json\/wp\/v2\/posts\/142125","targetHints":{"allow":["GET"]}}],"collection":[{"href":"https:\/\/linitiative.ca\/International\/wp-json\/wp\/v2\/posts"}],"about":[{"href":"https:\/\/linitiative.ca\/International\/wp-json\/wp\/v2\/types\/post"}],"author":[{"embeddable":true,"href":"https:\/\/linitiative.ca\/International\/wp-json\/wp\/v2\/users\/1787"}],"replies":[{"embeddable":true,"href":"https:\/\/linitiative.ca\/International\/wp-json\/wp\/v2\/comments?post=142125"}],"version-history":[{"count":0,"href":"https:\/\/linitiative.ca\/International\/wp-json\/wp\/v2\/posts\/142125\/revisions"}],"wp:attachment":[{"href":"https:\/\/linitiative.ca\/International\/wp-json\/wp\/v2\/media?parent=142125"}],"wp:term":[{"taxonomy":"category","embeddable":true,"href":"https:\/\/linitiative.ca\/International\/wp-json\/wp\/v2\/categories?post=142125"},{"taxonomy":"post_tag","embeddable":true,"href":"https:\/\/linitiative.ca\/International\/wp-json\/wp\/v2\/tags?post=142125"}],"curies":[{"name":"wp","href":"https:\/\/api.w.org\/{rel}","templated":true}]}}