{"id":142127,"date":"2022-03-02T14:27:55","date_gmt":"2022-03-02T19:27:55","guid":{"rendered":"https:\/\/linitiative.ca\/International\/le-forum-du-dialogue-parlementaire-des-senats-et-conseils-similaires-dafrique-du-monde-arabe-damerique-latine-et-des-caraibes-se-tiendra-les-4-et-5-mars-a-rabat\/"},"modified":"2022-03-02T14:27:55","modified_gmt":"2022-03-02T19:27:55","slug":"le-forum-du-dialogue-parlementaire-des-senats-et-conseils-similaires-dafrique-du-monde-arabe-damerique-latine-et-des-caraibes-se-tiendra-les-4-et-5-mars-a-rabat","status":"publish","type":"post","link":"https:\/\/linitiative.ca\/International\/le-forum-du-dialogue-parlementaire-des-senats-et-conseils-similaires-dafrique-du-monde-arabe-damerique-latine-et-des-caraibes-se-tiendra-les-4-et-5-mars-a-rabat\/","title":{"rendered":"Le Forum du Dialogue Parlementaire des S\u00e9nats et Conseils Similaires d\u2019Afrique, du Monde Arabe, d\u2019Am\u00e9rique Latine et des Cara\u00efbes se tiendra les 4 et 5 mars \u00e0 Rabat"},"content":{"rendered":"<div><img decoding=\"async\" width=\"588\" height=\"330\" src=\"https:\/\/linitiative.ca\/International\/wp-content\/uploads\/sites\/23\/2022\/03\/parlement-maroooc.jpg\" class=\"attachment-post-thumbnail size-post-thumbnail wp-post-image\" alt=\"\" loading=\"lazy\" srcset=\"https:\/\/linitiative.ca\/International\/wp-content\/uploads\/sites\/23\/2022\/03\/parlement-maroooc.jpg 588w, https:\/\/www.challenge.ma\/wp-content\/uploads\/2022\/03\/parlement-maroooc-300x168.jpg 300w, https:\/\/www.challenge.ma\/wp-content\/uploads\/2022\/03\/parlement-maroooc-360x202.jpg 360w\" sizes=\"auto, (max-width: 588px) 100vw, 588px\" itemprop=\"image\">La Chambre des Conseillers accueillera, vendredi et samedi prochains, les travaux du \u00ab\u00a0Forum du dialogue parlementaire Sud-Sud\u00a0\u00bb des S\u00e9nats et conseils similaires d\u2019Afrique, du Monde Arabe, d\u2019Am\u00e9rique latine et des Cara\u00efbes. Ce forum, organis\u00e9 sous le Haut patronage de S.M le Roi Mohammed VI, sera marqu\u00e9 par la pr\u00e9sence des<\/div>\n<p>Auteur: challenge<br \/>\n<a href=\"https:\/\/www.challenge.ma\/le-forum-du-dialogue-parlementaire-des-senats-et-conseils-similaires-dafrique-du-monde-arabe-damerique-latine-et-des-caraibes-se-tiendra-les-4-et-5-mars-a-rabat-233629\/\">Cliquez ici pour lire l&rsquo;article depuis sa source.<\/a><\/p>\n","protected":false},"excerpt":{"rendered":"<p>La Chambre des Conseillers accueillera, vendredi et samedi prochains, les travaux du \u00ab\u00a0Forum du dialogue parlementaire Sud-Sud\u00a0\u00bb des S\u00e9nats et conseils similaires d\u2019Afrique, du Monde Arabe, d\u2019Am\u00e9rique latine et des Cara\u00efbes. Ce forum, organis\u00e9 sous le Haut patronage de S.M le Roi Mohammed VI, sera marqu\u00e9 par la pr\u00e9sence des Auteur: challenge Cliquez ici pour [&hellip;]<\/p>\n","protected":false},"author":1787,"featured_media":0,"comment_status":"closed","ping_status":"closed","sticky":false,"template":"","format":"standard","meta":{"fifu_image_url":"https:\/\/www.challenge.ma\/wp-content\/uploads\/2022\/03\/parlement-maroooc.jpg","fifu_image_alt":"Le Forum du Dialogue Parlementaire des S\u00e9nats et Conseils Similaires d\u2019Afrique, du Monde Arabe, d\u2019Am\u00e9rique Latine et des Cara\u00efbes se tiendra les 4 et 5 mars \u00e0 Rabat","footnotes":""},"categories":[78,54],"tags":[],"class_list":["post-142127","post","type-post","status-publish","format-standard","hentry","category-economie","category-maroc"],"_links":{"self":[{"href":"https:\/\/linitiative.ca\/International\/wp-json\/wp\/v2\/posts\/142127","targetHints":{"allow":["GET"]}}],"collection":[{"href":"https:\/\/linitiative.ca\/International\/wp-json\/wp\/v2\/posts"}],"about":[{"href":"https:\/\/linitiative.ca\/International\/wp-json\/wp\/v2\/types\/post"}],"author":[{"embeddable":true,"href":"https:\/\/linitiative.ca\/International\/wp-json\/wp\/v2\/users\/1787"}],"replies":[{"embeddable":true,"href":"https:\/\/linitiative.ca\/International\/wp-json\/wp\/v2\/comments?post=142127"}],"version-history":[{"count":0,"href":"https:\/\/linitiative.ca\/International\/wp-json\/wp\/v2\/posts\/142127\/revisions"}],"wp:attachment":[{"href":"https:\/\/linitiative.ca\/International\/wp-json\/wp\/v2\/media?parent=142127"}],"wp:term":[{"taxonomy":"category","embeddable":true,"href":"https:\/\/linitiative.ca\/International\/wp-json\/wp\/v2\/categories?post=142127"},{"taxonomy":"post_tag","embeddable":true,"href":"https:\/\/linitiative.ca\/International\/wp-json\/wp\/v2\/tags?post=142127"}],"curies":[{"name":"wp","href":"https:\/\/api.w.org\/{rel}","templated":true}]}}