{"id":142129,"date":"2022-03-02T14:53:40","date_gmt":"2022-03-02T19:53:40","guid":{"rendered":"https:\/\/linitiative.ca\/International\/le-maroc-et-la-france-signent-des-accords-pour-ameliorer-la-cooperation-agricole\/"},"modified":"2022-03-02T14:53:40","modified_gmt":"2022-03-02T19:53:40","slug":"le-maroc-et-la-france-signent-des-accords-pour-ameliorer-la-cooperation-agricole","status":"publish","type":"post","link":"https:\/\/linitiative.ca\/International\/le-maroc-et-la-france-signent-des-accords-pour-ameliorer-la-cooperation-agricole\/","title":{"rendered":"Le Maroc et la France signent des accords pour am\u00e9liorer la coop\u00e9ration agricole"},"content":{"rendered":"<div><img decoding=\"async\" width=\"746\" height=\"380\" src=\"https:\/\/linitiative.ca\/International\/wp-content\/uploads\/sites\/23\/2022\/03\/sadikiki.jpg\" class=\"attachment-post-thumbnail size-post-thumbnail wp-post-image\" alt=\"\" loading=\"lazy\" srcset=\"https:\/\/linitiative.ca\/International\/wp-content\/uploads\/sites\/23\/2022\/03\/sadikiki.jpg 746w, https:\/\/www.challenge.ma\/wp-content\/uploads\/2022\/03\/sadikiki-300x153.jpg 300w, https:\/\/www.challenge.ma\/wp-content\/uploads\/2022\/03\/sadikiki-360x183.jpg 360w\" sizes=\"auto, (max-width: 746px) 100vw, 746px\" itemprop=\"image\">Le Maroc et la France consolident et renforcent leurs relations strat\u00e9giques dans plusieurs secteurs, dont le dernier en date est l\u2019agriculture et la p\u00eache, \u00e0 travers un certain nombre de nouveaux accords et partenariats. Le ministre de l\u2019agriculture, de la p\u00eache maritime, du d\u00e9veloppement rural et des eaux et for\u00eats,<\/div>\n<p>Auteur: challenge<br \/>\n<a href=\"https:\/\/www.challenge.ma\/le-maroc-et-la-france-signent-des-accords-pour-ameliorer-la-cooperation-agricole-233632\/\">Cliquez ici pour lire l&rsquo;article depuis sa source.<\/a><\/p>\n","protected":false},"excerpt":{"rendered":"<p>Le Maroc et la France consolident et renforcent leurs relations strat\u00e9giques dans plusieurs secteurs, dont le dernier en date est l\u2019agriculture et la p\u00eache, \u00e0 travers un certain nombre de nouveaux accords et partenariats. Le ministre de l\u2019agriculture, de la p\u00eache maritime, du d\u00e9veloppement rural et des eaux et for\u00eats, Auteur: challenge Cliquez ici pour [&hellip;]<\/p>\n","protected":false},"author":1787,"featured_media":0,"comment_status":"closed","ping_status":"closed","sticky":false,"template":"","format":"standard","meta":{"fifu_image_url":"https:\/\/www.challenge.ma\/wp-content\/uploads\/2022\/03\/sadikiki.jpg","fifu_image_alt":"Le Maroc et la France signent des accords pour am\u00e9liorer la coop\u00e9ration agricole","footnotes":""},"categories":[78,54],"tags":[],"class_list":["post-142129","post","type-post","status-publish","format-standard","hentry","category-economie","category-maroc"],"_links":{"self":[{"href":"https:\/\/linitiative.ca\/International\/wp-json\/wp\/v2\/posts\/142129","targetHints":{"allow":["GET"]}}],"collection":[{"href":"https:\/\/linitiative.ca\/International\/wp-json\/wp\/v2\/posts"}],"about":[{"href":"https:\/\/linitiative.ca\/International\/wp-json\/wp\/v2\/types\/post"}],"author":[{"embeddable":true,"href":"https:\/\/linitiative.ca\/International\/wp-json\/wp\/v2\/users\/1787"}],"replies":[{"embeddable":true,"href":"https:\/\/linitiative.ca\/International\/wp-json\/wp\/v2\/comments?post=142129"}],"version-history":[{"count":0,"href":"https:\/\/linitiative.ca\/International\/wp-json\/wp\/v2\/posts\/142129\/revisions"}],"wp:attachment":[{"href":"https:\/\/linitiative.ca\/International\/wp-json\/wp\/v2\/media?parent=142129"}],"wp:term":[{"taxonomy":"category","embeddable":true,"href":"https:\/\/linitiative.ca\/International\/wp-json\/wp\/v2\/categories?post=142129"},{"taxonomy":"post_tag","embeddable":true,"href":"https:\/\/linitiative.ca\/International\/wp-json\/wp\/v2\/tags?post=142129"}],"curies":[{"name":"wp","href":"https:\/\/api.w.org\/{rel}","templated":true}]}}