{"id":142131,"date":"2022-03-02T16:27:14","date_gmt":"2022-03-02T21:27:14","guid":{"rendered":"https:\/\/linitiative.ca\/International\/invasion-russe-en-ukraine-les-jours-qui-viennent-seront-de-plus-en-plus-durs-selon-emmanuel-macron\/"},"modified":"2022-03-02T16:27:14","modified_gmt":"2022-03-02T21:27:14","slug":"invasion-russe-en-ukraine-les-jours-qui-viennent-seront-de-plus-en-plus-durs-selon-emmanuel-macron","status":"publish","type":"post","link":"https:\/\/linitiative.ca\/International\/invasion-russe-en-ukraine-les-jours-qui-viennent-seront-de-plus-en-plus-durs-selon-emmanuel-macron\/","title":{"rendered":"Invasion russe en Ukraine: Les jours qui viennent seront de plus en plus durs selon Emmanuel Macron"},"content":{"rendered":"<div>\n<p>Le pr\u00e9sident fran\u00e7ais Emmanuel Macron s\u2019est exprim\u00e9 aujourd\u2019hui au sujet de l\u2019invasion russe en Ukraine qui se poursuit pour le 7\u00e8me jour cons\u00e9cutif. \u00ab\u00a0C\u2019est bien seul, de mani\u00e8re d\u00e9lib\u00e9r\u00e9e que Vladimir Poutine a choisi la guerre. La Russie n\u2019est pas agress\u00e9e, elle est l\u2019agresseur. Cette guerre est le fruit d\u2019un esprit de revanche n\u00e9 d\u2019une [\u2026]<\/p>\n<p>L\u2019article <a href=\"https:\/\/www.tunisienumerique.com\/invasion-russe-en-ukraine-les-jours-qui-viennent-seront-de-plus-en-plus-durs-selon-emmanuel-macron\/\">Invasion russe en Ukraine: Les jours qui viennent seront de plus en plus durs selon Emmanuel Macron<\/a> est apparu en premier sur <a href=\"https:\/\/www.tunisienumerique.com\/\">Tunisie<\/a>.<\/p>\n<\/div>\n<p>Auteur: D .<br \/>\n<a href=\"https:\/\/www.tunisienumerique.com\/invasion-russe-en-ukraine-les-jours-qui-viennent-seront-de-plus-en-plus-durs-selon-emmanuel-macron\/\">Cliquez ici pour lire l&rsquo;article depuis sa source.<\/a><\/p>\n","protected":false},"excerpt":{"rendered":"<p>Le pr\u00e9sident fran\u00e7ais Emmanuel Macron s\u2019est exprim\u00e9 aujourd\u2019hui au sujet de l\u2019invasion russe en Ukraine qui se poursuit pour le 7\u00e8me jour cons\u00e9cutif. \u00ab\u00a0C\u2019est bien seul, de mani\u00e8re d\u00e9lib\u00e9r\u00e9e que Vladimir Poutine a choisi la guerre. La Russie n\u2019est pas agress\u00e9e, elle est l\u2019agresseur. Cette guerre est le fruit d\u2019un esprit de revanche n\u00e9 d\u2019une [&hellip;]<\/p>\n","protected":false},"author":1789,"featured_media":0,"comment_status":"closed","ping_status":"closed","sticky":false,"template":"","format":"standard","meta":{"fifu_image_url":"","fifu_image_alt":"","footnotes":""},"categories":[73,55],"tags":[],"class_list":["post-142131","post","type-post","status-publish","format-standard","hentry","category-actualite","category-tunisie"],"_links":{"self":[{"href":"https:\/\/linitiative.ca\/International\/wp-json\/wp\/v2\/posts\/142131","targetHints":{"allow":["GET"]}}],"collection":[{"href":"https:\/\/linitiative.ca\/International\/wp-json\/wp\/v2\/posts"}],"about":[{"href":"https:\/\/linitiative.ca\/International\/wp-json\/wp\/v2\/types\/post"}],"author":[{"embeddable":true,"href":"https:\/\/linitiative.ca\/International\/wp-json\/wp\/v2\/users\/1789"}],"replies":[{"embeddable":true,"href":"https:\/\/linitiative.ca\/International\/wp-json\/wp\/v2\/comments?post=142131"}],"version-history":[{"count":0,"href":"https:\/\/linitiative.ca\/International\/wp-json\/wp\/v2\/posts\/142131\/revisions"}],"wp:attachment":[{"href":"https:\/\/linitiative.ca\/International\/wp-json\/wp\/v2\/media?parent=142131"}],"wp:term":[{"taxonomy":"category","embeddable":true,"href":"https:\/\/linitiative.ca\/International\/wp-json\/wp\/v2\/categories?post=142131"},{"taxonomy":"post_tag","embeddable":true,"href":"https:\/\/linitiative.ca\/International\/wp-json\/wp\/v2\/tags?post=142131"}],"curies":[{"name":"wp","href":"https:\/\/api.w.org\/{rel}","templated":true}]}}