{"id":142136,"date":"2022-03-02T14:22:33","date_gmt":"2022-03-02T19:22:33","guid":{"rendered":"https:\/\/linitiative.ca\/International\/investiture-du-president-du-faso-damiba-desormais-face-a-ses-responsabilites\/"},"modified":"2022-03-02T14:22:33","modified_gmt":"2022-03-02T19:22:33","slug":"investiture-du-president-du-faso-damiba-desormais-face-a-ses-responsabilites","status":"publish","type":"post","link":"https:\/\/linitiative.ca\/International\/investiture-du-president-du-faso-damiba-desormais-face-a-ses-responsabilites\/","title":{"rendered":"INVESTITURE DU PRESIDENT DU FASO : Damiba d\u00e9sormais face \u00e0 ses responsabilit\u00e9s"},"content":{"rendered":"<div>\n<p><img decoding=\"async\" width=\"640\" height=\"725\" src=\"https:\/\/linitiative.ca\/International\/wp-content\/uploads\/sites\/23\/2022\/03\/INVESTITURE.jpg\" class=\"attachment- size- wp-post-image\" alt=\"\" loading=\"lazy\" style=\"float:left; margin:0 15px 15px 0;\" srcset=\"https:\/\/linitiative.ca\/International\/wp-content\/uploads\/sites\/23\/2022\/03\/INVESTITURE.jpg 640w, https:\/\/lepays.bf\/wp-content\/uploads\/2022\/03\/INVESTITURE-265x300.jpg 265w\" sizes=\"auto, (max-width: 640px) 100vw, 640px\">Le 2 mars 2022 fera date dans les annales de l\u2019histoire du Burkina Faso. Le Lieutenant\u2013colonel Paul Henri Damiba, arriv\u00e9 au pouvoir le 24 janvier dernier, a \u00e9t\u00e9 finalement et officiellement investi comme Pr\u00e9sident du Faso par les instances constitutionnelles. C\u2019est le dernier acte r\u00e9publicain [\u2026]<\/p>\n<p>L\u2019article <a rel=\"nofollow\" href=\"https:\/\/lepays.bf\/investiture-du-president-du-faso-damiba-desormais-face-a-ses-responsabilites\/\">INVESTITURE DU PRESIDENT DU FASO : Damiba d\u00e9sormais face \u00e0 ses responsabilit\u00e9s<\/a> est apparu en premier sur <a rel=\"nofollow\" href=\"https:\/\/lepays.bf\/\">Editions Le Pays<\/a>.<\/p>\n<\/div>\n<p>Auteur: Editions LEPAYS<br \/>\n<a href=\"https:\/\/lepays.bf\/investiture-du-president-du-faso-damiba-desormais-face-a-ses-responsabilites\/\">Cliquez ici pour lire l&rsquo;article depuis sa source.<\/a><\/p>\n","protected":false},"excerpt":{"rendered":"<p>Le 2 mars 2022 fera date dans les annales de l\u2019histoire du Burkina Faso. Le Lieutenant\u2013colonel Paul Henri Damiba, arriv\u00e9 au pouvoir le 24 janvier dernier, a \u00e9t\u00e9 finalement et officiellement investi comme Pr\u00e9sident du Faso par les instances constitutionnelles. C\u2019est le dernier acte r\u00e9publicain [\u2026] L\u2019article INVESTITURE DU PRESIDENT DU FASO : Damiba d\u00e9sormais [&hellip;]<\/p>\n","protected":false},"author":1813,"featured_media":0,"comment_status":"closed","ping_status":"closed","sticky":false,"template":"","format":"standard","meta":{"fifu_image_url":"https:\/\/lepays.bf\/wp-content\/uploads\/2022\/03\/INVESTITURE.jpg","fifu_image_alt":"INVESTITURE DU PRESIDENT DU FASO : Damiba d\u00e9sormais face \u00e0 ses responsabilit\u00e9s","footnotes":""},"categories":[73,81],"tags":[],"class_list":["post-142136","post","type-post","status-publish","format-standard","hentry","category-actualite","category-burkina-faso"],"_links":{"self":[{"href":"https:\/\/linitiative.ca\/International\/wp-json\/wp\/v2\/posts\/142136","targetHints":{"allow":["GET"]}}],"collection":[{"href":"https:\/\/linitiative.ca\/International\/wp-json\/wp\/v2\/posts"}],"about":[{"href":"https:\/\/linitiative.ca\/International\/wp-json\/wp\/v2\/types\/post"}],"author":[{"embeddable":true,"href":"https:\/\/linitiative.ca\/International\/wp-json\/wp\/v2\/users\/1813"}],"replies":[{"embeddable":true,"href":"https:\/\/linitiative.ca\/International\/wp-json\/wp\/v2\/comments?post=142136"}],"version-history":[{"count":0,"href":"https:\/\/linitiative.ca\/International\/wp-json\/wp\/v2\/posts\/142136\/revisions"}],"wp:attachment":[{"href":"https:\/\/linitiative.ca\/International\/wp-json\/wp\/v2\/media?parent=142136"}],"wp:term":[{"taxonomy":"category","embeddable":true,"href":"https:\/\/linitiative.ca\/International\/wp-json\/wp\/v2\/categories?post=142136"},{"taxonomy":"post_tag","embeddable":true,"href":"https:\/\/linitiative.ca\/International\/wp-json\/wp\/v2\/tags?post=142136"}],"curies":[{"name":"wp","href":"https:\/\/api.w.org\/{rel}","templated":true}]}}