{"id":142140,"date":"2022-03-02T17:09:44","date_gmt":"2022-03-02T22:09:44","guid":{"rendered":"https:\/\/linitiative.ca\/International\/pour-une-transition-des-valeurs\/"},"modified":"2022-03-02T17:09:44","modified_gmt":"2022-03-02T22:09:44","slug":"pour-une-transition-des-valeurs","status":"publish","type":"post","link":"https:\/\/linitiative.ca\/International\/pour-une-transition-des-valeurs\/","title":{"rendered":"Pour une transition des valeurs"},"content":{"rendered":"<div>\n<p>Conform\u00e9ment \u00e0 l\u2019article 08 de la Charte de la Transition du 1er mars 2022, le pr\u00e9sident du Faso, Paul-Henri Sandaogo Damiba, a \u00e9t\u00e9 investi hier 3 mars au cours d\u2019une c\u00e9r\u00e9monie solennelle devant les forces vives et les partenaires du Burkina Faso. L\u2019installation du pr\u00e9sident de la Transition qui, selon l\u2019article 7 de la Charte, incarne et symbolise l\u2019unit\u00e9 nationale et est garant du respect de la Constitution, de la Charte, de l\u2019ind\u00e9pendance et de l\u2019int\u00e9grit\u00e9 du territoire national, marque le d\u00e9but de la mise en \u0153uvre effective des quatre (4 ) organes pr\u00e9vus ( l\u2019Assembl\u00e9e l\u00e9gislative de Transition, le Conseil d\u2019orientation et de suivi de la Transition, le Gouvernement de Transition) pour conduire la Transition durant les trois prochaines ann\u00e9es, et ce, jusqu\u2019aux prochaines \u00e9lections pr\u00e9sidentielle et l\u00e9gislatives. Celles-ci devant permettre au pays de se doter d\u2019un pr\u00e9sident, d\u2019une Assembl\u00e9e nationale et d\u2019ex\u00e9cutifs locaux d\u00e9mocratiquement \u00e9lus.<\/p>\n<p>En attendant la mise en place de l\u2019Assembl\u00e9e l\u00e9gislative de Transition, le pr\u00e9sident de Transition a d\u00e9j\u00e0 annonc\u00e9 la couleur d\u2019une Transition des valeurs appelant \u00e0 une n\u00e9cessaire \u00e9l\u00e9vation de la conscience citoyenne des Burkinab\u00e8. En effet, aussit\u00f4t install\u00e9, le Pr\u00e9sident Paul-Henri Damiba a instruit l\u2019Autorit\u00e9 sup\u00e9rieure de contr\u00f4le d\u2019Etat et de lutte contre la corruption (ASCE-LC) de proc\u00e9der \u00ab\u00a0dans les meilleurs d\u00e9lais\u00a0\u00bb \u00e0 un \u00ab\u00a0contr\u00f4le g\u00e9n\u00e9ral\u00a0\u00bb de la gestion des Soci\u00e9t\u00e9s d\u2019Etat (SE), des Etablissements publics de l\u2019Etat (EPE) et assimil\u00e9s. Cette vaste op\u00e9ration \u2018\u2019mains propres\u2019\u2019 sans pr\u00e9c\u00e9dent dans l\u2019histoire r\u00e9cente du pays se fera sous forme d\u2019audit de la gestion, des march\u00e9s publics, des frais de mission, du carburant, des dons, etc. Cette op\u00e9ration se veut une r\u00e9ponse aux fortes attentes des populations en mati\u00e8re de gouvernance vertueuse et en phase avec l\u2019agenda de la Transition et avec les engagements du pr\u00e9sident de la Transition, le lieutenant-colonel Damiba. \u00ab\u00a0L\u2019administration publique que nous voulons mettre en place doit constituer en elle-m\u00eame, par son mode de fonctionnement et par les valeurs morales des premiers responsables, un outil qui dissuade\u00a0\u00bb, avait-il profess\u00e9.<\/p>\n<p>Des valeurs telles que le patriotisme, l\u2019int\u00e9grit\u00e9, l\u2019exemplarit\u00e9, la justice, la v\u00e9rit\u00e9, l\u2019impartialit\u00e9, la transparence, la redevabilit\u00e9, le sacrifice, le sens du sacrifice, le respect, l\u2019humilit\u00e9, l\u2019amour du travail et le m\u00e9rite\u2026 sont promues dans la Charte du 1er mars 2022 qui donne, en son article 2 \u00e0 la Transition, la mission de \u00ab\u00a0renforcer la gouvernance, la lutte contre la corruption et les infractions connexes par la mise en \u0153uvre de r\u00e9formes hardies requises dans tous les secteurs, d\u2019assainir et refonder la vie politique en la d\u00e9barrassant des d\u00e9rives et pratiques contraires aux valeurs et principes de r\u00e9f\u00e9rence\u00a0\u00bb. En engageant ici et maintenant le combat pour la moralisation de la vie publique, les nouvelles autorit\u00e9s font assur\u00e9ment preuve d\u2019un courage politique, mais prennent le risque d\u2019une dilution de la principale priorit\u00e9 du moment (la lutte contre-terrorisme pour laquelle l\u2019union sacr\u00e9e de tous les filles et fils du pays est requise) dans une pr\u00e9occupation non moins importante mais controvers\u00e9e\u00a0: \u00ab\u00a0le serpent de mer\u00a0\u00bb de la lutte contre la corruption au sein de l\u2019administration publique. En attendant d\u2019avoir tous les contours de la mise en \u0153uvre de ce audit d\u2019envergure nationale et techniquement complexe, il semble tout de m\u00eame n\u00e9cessaire de se pr\u00e9munir de toute id\u00e9e de pr\u00e9cipitation qui escamoterait les pr\u00e9requis d\u2019un travail inattaquable dans le fond et dans la forme.<\/p>\n<p style=\"text-align: right\"><strong> La R\u00e9daction <\/strong><\/p>\n<p>L\u2019article <a rel=\"nofollow\" href=\"https:\/\/www.sidwaya.info\/blog\/2022\/03\/02\/pour-une-transition-des-valeurs\/\">Pour une transition des valeurs<\/a> est apparu en premier sur <a rel=\"nofollow\" href=\"https:\/\/www.sidwaya.info\/\">Quotidien Sidwaya<\/a>.<\/p>\n<\/div>\n<p>Auteur: JK. Sidwaya<br \/>\n<a href=\"https:\/\/www.sidwaya.info\/blog\/2022\/03\/02\/pour-une-transition-des-valeurs\/?utm_source=rss&#038;utm_medium=rss&#038;utm_campaign=pour-une-transition-des-valeurs\">Cliquez ici pour lire l&rsquo;article depuis sa source.<\/a><\/p>\n","protected":false},"excerpt":{"rendered":"<p>Conform\u00e9ment \u00e0 l\u2019article 08 de la Charte de la Transition du 1er mars 2022, le pr\u00e9sident du Faso, Paul-Henri Sandaogo Damiba, a \u00e9t\u00e9 investi hier 3 mars au cours d\u2019une c\u00e9r\u00e9monie solennelle devant les forces vives et les partenaires du Burkina Faso. L\u2019installation du pr\u00e9sident de la Transition qui, selon l\u2019article 7 de la Charte, [&hellip;]<\/p>\n","protected":false},"author":1816,"featured_media":0,"comment_status":"closed","ping_status":"closed","sticky":false,"template":"","format":"standard","meta":{"fifu_image_url":"","fifu_image_alt":"","footnotes":""},"categories":[73,81],"tags":[],"class_list":["post-142140","post","type-post","status-publish","format-standard","hentry","category-actualite","category-burkina-faso"],"_links":{"self":[{"href":"https:\/\/linitiative.ca\/International\/wp-json\/wp\/v2\/posts\/142140","targetHints":{"allow":["GET"]}}],"collection":[{"href":"https:\/\/linitiative.ca\/International\/wp-json\/wp\/v2\/posts"}],"about":[{"href":"https:\/\/linitiative.ca\/International\/wp-json\/wp\/v2\/types\/post"}],"author":[{"embeddable":true,"href":"https:\/\/linitiative.ca\/International\/wp-json\/wp\/v2\/users\/1816"}],"replies":[{"embeddable":true,"href":"https:\/\/linitiative.ca\/International\/wp-json\/wp\/v2\/comments?post=142140"}],"version-history":[{"count":0,"href":"https:\/\/linitiative.ca\/International\/wp-json\/wp\/v2\/posts\/142140\/revisions"}],"wp:attachment":[{"href":"https:\/\/linitiative.ca\/International\/wp-json\/wp\/v2\/media?parent=142140"}],"wp:term":[{"taxonomy":"category","embeddable":true,"href":"https:\/\/linitiative.ca\/International\/wp-json\/wp\/v2\/categories?post=142140"},{"taxonomy":"post_tag","embeddable":true,"href":"https:\/\/linitiative.ca\/International\/wp-json\/wp\/v2\/tags?post=142140"}],"curies":[{"name":"wp","href":"https:\/\/api.w.org\/{rel}","templated":true}]}}