{"id":142141,"date":"2022-03-02T17:19:34","date_gmt":"2022-03-02T22:19:34","guid":{"rendered":"https:\/\/linitiative.ca\/International\/master-class-2022-de-listic-deux-promoteurs-culturels-partagent-leurs-experiences\/"},"modified":"2022-03-02T17:19:34","modified_gmt":"2022-03-02T22:19:34","slug":"master-class-2022-de-listic-deux-promoteurs-culturels-partagent-leurs-experiences","status":"publish","type":"post","link":"https:\/\/linitiative.ca\/International\/master-class-2022-de-listic-deux-promoteurs-culturels-partagent-leurs-experiences\/","title":{"rendered":"Master class 2022 de l\u2019ISTIC : deux promoteurs culturels partagent  leurs exp\u00e9riences"},"content":{"rendered":"<div>\n<p><strong>Dans le cadre du master class 2022, l\u2019Institut des sciences et techniques de l\u2019information et de la communication (ISTIC) a organis\u00e9, le mercredi 2 mars 2022, \u00e0 Ouagadougou, une conf\u00e9rence publique sur le th\u00e8me\u00a0: \u00ab\u00a0Le d\u00e9veloppement des relations presse et relations publiques dans l\u2019organisation des \u00e9v\u00e8nementiels\u00a0\u00bb.<\/strong><\/p>\n<p>Deux promoteurs culturels ont partag\u00e9 leurs exp\u00e9riences en mati\u00e8re de relations publiques avec les stagiaires de l\u2019Institut des sciences et techniques de l\u2019information et de la communication (ISTIC) \u00e0 l\u2019occasion d\u2019une conf\u00e9rence publique organis\u00e9e dans le cadre du master class 2022 de l\u2019\u00e9cole. Jean Marie Nabi dit Zopito et Honor\u00e9 Bambara, respectivement promoteurs du festival Afro-beat et de Miss Universit\u00e9s ont d\u00e9velopp\u00e9, le mercredi 2 mars 2022, \u00e0 Ouagadougou, le th\u00e8me\u00a0: \u00ab Le d\u00e9veloppement des relations presse et relations publiques dans l\u2019organisation des \u00e9v\u00e8nementiels\u00a0\u00bb. Ce cadre d\u2019\u00e9changes et de partage d\u2019exp\u00e9riences vise \u00e0 permettre aux stagiaires de s\u2019impr\u00e9gner des r\u00e9alit\u00e9s professionnelles sur le terrain dans leur domaine de formation, notamment ceux de la fili\u00e8re communication. Selon M. Nabi, le festival Afro-beat qui c\u00e9l\u00e8bre ses dix ans d\u2019existence \u00e0 l\u2019\u00e9dition 2022 a \u00e9t\u00e9 lanc\u00e9 en 2012.\u00a0\u00ab Nous avons commenc\u00e9 \u00e0 organiser le festival de musique Afro-beat en 2012. Nous avons analys\u00e9 l\u2019univers culturel et remarqu\u00e9 qu\u2019il n\u2019y avait pas d\u2019activit\u00e9s de ce genre\u00a0\u00bb, a-t-il indiqu\u00e9. A l\u2019en croire, l\u2019art \u00e9tant au service de tout, Afro-beat est un festival militant qui aborde les sujets de libert\u00e9 d\u2019expression, de droits humains et qui apporte concr\u00e8tement le d\u00e9veloppement. Pour ce faire, a-t-il fait savoir, il a \u00e9t\u00e9 d\u00e9cid\u00e9 de mettre en place un certain nombre d\u2019actions communicationnelles \u00e0 l\u2019endroit des professionnels de la culture, des m\u00e9dias et du grand public sur la vision de ce festival. \u00ab\u00a0Au regard des impacts du festival, plusieurs personnalit\u00e9s acceptent nous accompagner et Afro-beat est devenu un barom\u00e8tre de la mesure des performances des artistes du Burkina Faso \u00bb, a soutenu Jean Marie Nabi.<\/p>\n<h2><strong>Entretenir les relations publiques<\/strong><\/h2>\n<figure id=\"attachment_46310\" aria-describedby=\"caption-attachment-46310\" style=\"width: 300px\" class=\"wp-caption alignleft\"><img decoding=\"async\" loading=\"lazy\" class=\"wp-image-46310 size-medium\" src=\"https:\/\/linitiative.ca\/International\/wp-content\/uploads\/sites\/23\/2022\/03\/2-5-300x225-1.jpg\" alt=\"\" width=\"300\" height=\"225\" srcset=\"https:\/\/linitiative.ca\/International\/wp-content\/uploads\/sites\/23\/2022\/03\/2-5-300x225-1.jpg 300w, https:\/\/www.sidwaya.info\/wp-content\/uploads\/2022\/03\/2-5-150x112.jpg 150w, https:\/\/www.sidwaya.info\/wp-content\/uploads\/2022\/03\/2-5-560x420.jpg 560w, https:\/\/www.sidwaya.info\/wp-content\/uploads\/2022\/03\/2-5-80x60.jpg 80w, https:\/\/www.sidwaya.info\/wp-content\/uploads\/2022\/03\/2-5-265x198.jpg 265w, https:\/\/www.sidwaya.info\/wp-content\/uploads\/2022\/03\/2-5.jpg 595w\" sizes=\"auto, (max-width: 300px) 100vw, 300px\"><figcaption id=\"caption-attachment-46310\" class=\"wp-caption-text\">Les stagiaires de l\u2019ISTIC ont suivi avec int\u00e9r\u00eat le th\u00e8me d\u00e9velopp\u00e9 par les deux promoteurs culturels.<\/figcaption><\/figure>\n<p>Apr\u00e8s M. Nabi, le promoteur de Miss Universit\u00e9s, Honor\u00e9 Bambara, a expliqu\u00e9 aux \u00e9tudiants la nuance qui existe entre la communication \u00e9v\u00e8nementielle et la communication autour d\u2019un \u00e9v\u00e9nement. A l\u2019entendre, le premier est un outil hors m\u00e9dias que les entreprises peuvent utiliser pour communiquer. Il a cit\u00e9 en guise d\u2019exemples, un d\u00e9part \u00e0 la retraite, un anniversaire, etc. Et le second est utilis\u00e9 pour la visibilit\u00e9 d\u2019un \u00e9v\u00e8nement. \u00ab Pour la visibilit\u00e9 de Miss Universit\u00e9s, nous sommes pass\u00e9s par les m\u00e9dias, les affichages, les r\u00e9seaux sociaux, etc. \u00bb, a-t-il affirm\u00e9. Aux dires de M. Bambara, trois grandes p\u00e9riodes d\u2019\u00e9volution de communication ont caract\u00e9ris\u00e9 Miss Universit\u00e9s. Il s\u2019agit, a-t-il cit\u00e9, de la communication diversifi\u00e9e entre 2003-2010 (non pr\u00e9cise), la communication s\u00e9lective de 2011 \u00e0 2017 (pr\u00e9cise) et la communication digitale de 2018 \u00e0 nos jours. \u00ab Pour la bonne marche de Miss Universit\u00e9s, nous entretenons des relations publiques pour se faire accepter, avoir la cr\u00e9dibilit\u00e9 et la confiance tout en faisant connaitre notre \u00e9v\u00e8nement au public et en acqu\u00e9rant le soutien des personnalit\u00e9s \u00bb, a confi\u00e9 Honor\u00e9 Bambara. Dans la phase des questions-r\u00e9ponses, les \u00e9tudiants ont voulu savoir si le promoteur de Miss Universit\u00e9s ne craint pas de voir le d\u00e9clin de son entreprise, vu la naissance d\u2019autres concours similaires. Honor\u00e9 Bambara a r\u00e9pondu qu\u2019il n\u2019a pas peur, car il y a de l\u2019innovation et du travail qui se font autour de sa structure. Qu\u2019est-ce qui vous motive \u00e0 continuer ce travail ? M. Bambara a affirm\u00e9 qu\u2019en plus de la bonne \u00e9volution de son entreprise, le travail de promoteur culturel reste avant tout pour lui une passion. Le promoteur d\u2019Afro-beat a r\u00e9pondu \u00e0 une interrogation portant sur la mobilisation des artistes-stars pour prester lors de son festival. \u00ab C\u2019est ma position de manager, de pr\u00e9sentateur t\u00e9l\u00e9, une sorte de redevabilit\u00e9 en ma personne et aussi le budget cons\u00e9quent mobilis\u00e9 pour l\u2019\u00e9v\u00e8nement qui le permettent \u00bb, a-t-il r\u00e9torqu\u00e9.<\/p>\n<p style=\"text-align: right\"><strong>Timoth\u00e9e SOME timothesom@yahoo.fr <\/strong><\/p>\n<p style=\"text-align: right\"><strong>Alice SAWADOGO D\u00f4 DAO (Stagiaires)<\/strong><\/p>\n<p>L\u2019article <a rel=\"nofollow\" href=\"https:\/\/www.sidwaya.info\/blog\/2022\/03\/02\/master-class-2022-de-listic-deux-promoteurs-culturels-partagent-leurs-experiences\/\">Master class 2022 de l\u2019ISTIC : deux promoteurs culturels partagent  leurs exp\u00e9riences<\/a> est apparu en premier sur <a rel=\"nofollow\" href=\"https:\/\/www.sidwaya.info\/\">Quotidien Sidwaya<\/a>.<\/p>\n<\/div>\n<p>Auteur: JK. Sidwaya<br \/>\n<a href=\"https:\/\/www.sidwaya.info\/blog\/2022\/03\/02\/master-class-2022-de-listic-deux-promoteurs-culturels-partagent-leurs-experiences\/?utm_source=rss&#038;utm_medium=rss&#038;utm_campaign=master-class-2022-de-listic-deux-promoteurs-culturels-partagent-leurs-experiences\">Cliquez ici pour lire l&rsquo;article depuis sa source.<\/a><\/p>\n","protected":false},"excerpt":{"rendered":"<p>Dans le cadre du master class 2022, l\u2019Institut des sciences et techniques de l\u2019information et de la communication (ISTIC) a organis\u00e9, le mercredi 2 mars 2022, \u00e0 Ouagadougou, une conf\u00e9rence publique sur le th\u00e8me\u00a0: \u00ab\u00a0Le d\u00e9veloppement des relations presse et relations publiques dans l\u2019organisation des \u00e9v\u00e8nementiels\u00a0\u00bb. Deux promoteurs culturels ont partag\u00e9 leurs exp\u00e9riences en mati\u00e8re [&hellip;]<\/p>\n","protected":false},"author":1816,"featured_media":0,"comment_status":"closed","ping_status":"closed","sticky":false,"template":"","format":"standard","meta":{"fifu_image_url":"https:\/\/www.sidwaya.info\/wp-content\/uploads\/2022\/03\/2-5-300x225.jpg","fifu_image_alt":"Master class 2022 de l\u2019ISTIC : deux promoteurs culturels partagent  leurs exp\u00e9riences","footnotes":""},"categories":[73,81],"tags":[],"class_list":["post-142141","post","type-post","status-publish","format-standard","hentry","category-actualite","category-burkina-faso"],"_links":{"self":[{"href":"https:\/\/linitiative.ca\/International\/wp-json\/wp\/v2\/posts\/142141","targetHints":{"allow":["GET"]}}],"collection":[{"href":"https:\/\/linitiative.ca\/International\/wp-json\/wp\/v2\/posts"}],"about":[{"href":"https:\/\/linitiative.ca\/International\/wp-json\/wp\/v2\/types\/post"}],"author":[{"embeddable":true,"href":"https:\/\/linitiative.ca\/International\/wp-json\/wp\/v2\/users\/1816"}],"replies":[{"embeddable":true,"href":"https:\/\/linitiative.ca\/International\/wp-json\/wp\/v2\/comments?post=142141"}],"version-history":[{"count":0,"href":"https:\/\/linitiative.ca\/International\/wp-json\/wp\/v2\/posts\/142141\/revisions"}],"wp:attachment":[{"href":"https:\/\/linitiative.ca\/International\/wp-json\/wp\/v2\/media?parent=142141"}],"wp:term":[{"taxonomy":"category","embeddable":true,"href":"https:\/\/linitiative.ca\/International\/wp-json\/wp\/v2\/categories?post=142141"},{"taxonomy":"post_tag","embeddable":true,"href":"https:\/\/linitiative.ca\/International\/wp-json\/wp\/v2\/tags?post=142141"}],"curies":[{"name":"wp","href":"https:\/\/api.w.org\/{rel}","templated":true}]}}