{"id":142151,"date":"2022-03-02T12:03:01","date_gmt":"2022-03-02T17:03:01","guid":{"rendered":"https:\/\/linitiative.ca\/International\/cameroun-40-vehicules-tout-terrain-remis-aux-prefets-et-sous-prefets\/"},"modified":"2022-03-02T12:03:01","modified_gmt":"2022-03-02T17:03:01","slug":"cameroun-40-vehicules-tout-terrain-remis-aux-prefets-et-sous-prefets","status":"publish","type":"post","link":"https:\/\/linitiative.ca\/International\/cameroun-40-vehicules-tout-terrain-remis-aux-prefets-et-sous-prefets\/","title":{"rendered":"Cameroun : 40 v\u00e9hicules tout terrain remis aux pr\u00e9fets et sous-pr\u00e9fets"},"content":{"rendered":"<div>\n<p><img decoding=\"async\" width=\"1200\" height=\"900\" src=\"https:\/\/linitiative.ca\/International\/wp-content\/uploads\/sites\/23\/2022\/03\/Vehicules-de-fonctions-remis-par-Paul-Biya.jpg\" class=\"attachment-post-thumbnail size-post-thumbnail wp-post-image\" alt=\"Paul Biya du Cameroun a fait une dotation de 40 v\u00e9hicules aux autorit\u00e9s\" loading=\"lazy\" srcset=\"https:\/\/linitiative.ca\/International\/wp-content\/uploads\/sites\/23\/2022\/03\/Vehicules-de-fonctions-remis-par-Paul-Biya.jpg 1200w, https:\/\/www.journalducameroun.com\/wp-content\/uploads\/2022\/03\/Vehicules-de-fonctions-remis-par-Paul-Biya-300x225.jpg 300w, https:\/\/www.journalducameroun.com\/wp-content\/uploads\/2022\/03\/Vehicules-de-fonctions-remis-par-Paul-Biya-1024x768.jpg 1024w, https:\/\/www.journalducameroun.com\/wp-content\/uploads\/2022\/03\/Vehicules-de-fonctions-remis-par-Paul-Biya-768x576.jpg 768w, https:\/\/www.journalducameroun.com\/wp-content\/uploads\/2022\/03\/Vehicules-de-fonctions-remis-par-Paul-Biya-587x440.jpg 587w, https:\/\/www.journalducameroun.com\/wp-content\/uploads\/2022\/03\/Vehicules-de-fonctions-remis-par-Paul-Biya-600x450.jpg 600w\" sizes=\"auto, (max-width: 1200px) 100vw, 1200px\"><\/p>\n<h2 style=\"text-align: justify;\">La dotation vise \u00e0 am\u00e9liorer la mobilit\u00e9 des autorit\u00e9s dans 40 circonscriptions administratives au Cameroun. La c\u00e9r\u00e9monie solennelle y relative a eu lieu ce mercredi 02 mars 2022.<\/h2>\n<p style=\"text-align: justify;\">\u00ab\u00a0<em>Il s\u2019agit des v\u00e9hicules flambant neufs. Il faut donc bien conserver ces v\u00e9hicules et surtout bien les entretenir. C\u2019est pourquoi j\u2019ai jug\u00e9 utile de sensibiliser les b\u00e9n\u00e9ficiaires en leur disant qu\u2019un v\u00e9hicule administratif est un bien public, c\u2019est un bien commun qui doit \u00eatre bien entretenu\u00a0<\/em>\u00bb. Ce sont les consignes du ministre de l\u2019Administration territoriale (Minat) Paul Atanga Nji lors de la c\u00e9r\u00e9monie solennelle de dotation du mat\u00e9riel roulant aux autorit\u00e9s administratives.<\/p>\n<p style=\"text-align: justify;\">Au total, 40 v\u00e9hicules tout-terrain ont \u00e9t\u00e9 remis \u00e0 certains pr\u00e9fets et sous-pr\u00e9fets venus des d\u00e9partements et arrondissements du Cameroun. La c\u00e9r\u00e9monie solennelle de remise a eu lieu cet apr\u00e8s-midi \u00e0 l\u2019esplanade de l\u2019h\u00f4tel de ville de Yaound\u00e9 sous la pr\u00e9sidence du Minat. Cette dotation faite par le pr\u00e9sident de la R\u00e9publique Paul Biya vise \u00e0 faciliter la mobilit\u00e9 des administrateurs sur le terrain. Ce sont des moyens leur permettant d\u2019accomplir leurs missions avec plus de c\u00e9l\u00e9rit\u00e9 sur le terrain.<\/p>\n<p style=\"text-align: justify;\">En remettant ce mat\u00e9riel aux autorit\u00e9s d\u00e9concentr\u00e9es, le ministre de l\u2019Administration territoriale a profit\u00e9 de l\u2019occasion pour remercier le chef de l\u2019Etat. <em>\u00ab 40 v\u00e9hicules de par les temps qui courent, c\u2019est un \u00e9v\u00e9nement important et une mesure forte qui m\u00e9rite d\u2019\u00eatre salu\u00e9e \u00e0 sa juste valeur. Il y a longtemps, je dis bien tr\u00e8s longtemps qu\u2019on n\u2019avait pas vu une telle dotation important accord\u00e9 une seule fois \u00e0 une administration Camerounaise<\/em> \u00bb, a d\u00e9clar\u00e9 Paul Atanga Nji.<\/p>\n<p>Cet article <a rel=\"nofollow\" href=\"https:\/\/www.journalducameroun.com\/cameroun-40-vehicules-tout-terrain-remis-aux-prefets-et-sous-prefets\/\">Cameroun : 40 v\u00e9hicules tout terrain remis aux pr\u00e9fets et sous-pr\u00e9fets<\/a> est apparu en premier sur <a rel=\"nofollow\" href=\"https:\/\/www.journalducameroun.com\/\">Journal du Cameroun<\/a>.<\/p>\n<\/div>\n<p>Auteur: Arnaud MAWEL<br \/>\n<a href=\"https:\/\/www.journalducameroun.com\/cameroun-40-vehicules-tout-terrain-remis-aux-prefets-et-sous-prefets\/\">Cliquez ici pour lire l&rsquo;article depuis sa source.<\/a><\/p>\n","protected":false},"excerpt":{"rendered":"<p>La dotation vise \u00e0 am\u00e9liorer la mobilit\u00e9 des autorit\u00e9s dans 40 circonscriptions administratives au Cameroun. La c\u00e9r\u00e9monie solennelle y relative a eu lieu ce mercredi 02 mars 2022. \u00ab\u00a0Il s\u2019agit des v\u00e9hicules flambant neufs. Il faut donc bien conserver ces v\u00e9hicules et surtout bien les entretenir. C\u2019est pourquoi j\u2019ai jug\u00e9 utile de sensibiliser les b\u00e9n\u00e9ficiaires [&hellip;]<\/p>\n","protected":false},"author":1965,"featured_media":0,"comment_status":"closed","ping_status":"closed","sticky":false,"template":"","format":"standard","meta":{"fifu_image_url":"https:\/\/www.journalducameroun.com\/wp-content\/uploads\/2022\/03\/Vehicules-de-fonctions-remis-par-Paul-Biya.jpg","fifu_image_alt":"Cameroun : 40 v\u00e9hicules tout terrain remis aux pr\u00e9fets et sous-pr\u00e9fets","footnotes":""},"categories":[73,82],"tags":[],"class_list":["post-142151","post","type-post","status-publish","format-standard","hentry","category-actualite","category-cameroun"],"_links":{"self":[{"href":"https:\/\/linitiative.ca\/International\/wp-json\/wp\/v2\/posts\/142151","targetHints":{"allow":["GET"]}}],"collection":[{"href":"https:\/\/linitiative.ca\/International\/wp-json\/wp\/v2\/posts"}],"about":[{"href":"https:\/\/linitiative.ca\/International\/wp-json\/wp\/v2\/types\/post"}],"author":[{"embeddable":true,"href":"https:\/\/linitiative.ca\/International\/wp-json\/wp\/v2\/users\/1965"}],"replies":[{"embeddable":true,"href":"https:\/\/linitiative.ca\/International\/wp-json\/wp\/v2\/comments?post=142151"}],"version-history":[{"count":0,"href":"https:\/\/linitiative.ca\/International\/wp-json\/wp\/v2\/posts\/142151\/revisions"}],"wp:attachment":[{"href":"https:\/\/linitiative.ca\/International\/wp-json\/wp\/v2\/media?parent=142151"}],"wp:term":[{"taxonomy":"category","embeddable":true,"href":"https:\/\/linitiative.ca\/International\/wp-json\/wp\/v2\/categories?post=142151"},{"taxonomy":"post_tag","embeddable":true,"href":"https:\/\/linitiative.ca\/International\/wp-json\/wp\/v2\/tags?post=142151"}],"curies":[{"name":"wp","href":"https:\/\/api.w.org\/{rel}","templated":true}]}}