{"id":142153,"date":"2022-03-02T12:18:04","date_gmt":"2022-03-02T17:18:04","guid":{"rendered":"https:\/\/linitiative.ca\/International\/ethiopie-fatou-bensouda-dirigera-la-commission-denquete-de-lonu\/"},"modified":"2022-03-02T12:18:04","modified_gmt":"2022-03-02T17:18:04","slug":"ethiopie-fatou-bensouda-dirigera-la-commission-denquete-de-lonu","status":"publish","type":"post","link":"https:\/\/linitiative.ca\/International\/ethiopie-fatou-bensouda-dirigera-la-commission-denquete-de-lonu\/","title":{"rendered":"Ethiopie: Fatou Bensouda dirigera la commission d\u2019enqu\u00eate de l\u2019ONU"},"content":{"rendered":"<div>\n<p><img decoding=\"async\" width=\"310\" height=\"163\" src=\"https:\/\/linitiative.ca\/International\/wp-content\/uploads\/sites\/23\/2022\/03\/16462414841099.jpg\" class=\"attachment-post-thumbnail size-post-thumbnail wp-post-image\" alt=\"\" loading=\"lazy\" srcset=\"https:\/\/linitiative.ca\/International\/wp-content\/uploads\/sites\/23\/2022\/03\/16462414841099.jpg 310w, https:\/\/www.journalducameroun.com\/wp-content\/uploads\/2022\/03\/16462414841099-300x158.jpg 300w\" sizes=\"auto, (max-width: 310px) 100vw, 310px\"><\/p>\n<p>L&rsquo;ex-procureure g\u00e9n\u00e9rale de la Cour P\u00e9nale Internationale va diriger les enqu\u00eates sur les violations pr\u00e9sum\u00e9es des droits humains par les bellig\u00e9rants au conflit en Ethiopie.La nomination de la Gambienne ainsi que celle de deux autres experts, Kaari Betty Murungi, avocate \u00e0 la Haute Cour du Kenya, et l&rsquo;Am\u00e9ricain Steven Ratner, professeur de droit, a \u00e9t\u00e9 annonc\u00e9e ce mercredi 02 mars.<\/p>\n<p>Dans cette structure fra\u00eechement mise en place, ils enqu\u00eateront sur les pr\u00e9sum\u00e9es exactions commises sur les civils durant le conflit qui s&rsquo;est d\u00e9clench\u00e9 dans la r\u00e9gion du Tigr\u00e9 (nord) le 4 novembre 2020, avant de s&rsquo;\u00e9tendre sur une grande partie du territoire national.<\/p>\n<p>Cette guerre oppose le gouvernement f\u00e9d\u00e9ral \u00e9thiopien et le Front de lib\u00e9ration du peuple du Tigr\u00e9 et le Front de lib\u00e9ration oromo. Selon les Nations unies, aucun bilan pr\u00e9cis du conflit n&rsquo;est disponible, mais les combats ont pouss\u00e9 plus de 50.000 personnes \u00e0 trouver refuge au Soudan voisin et en ont d\u00e9plac\u00e9 plus de 63.000 \u00e0 l&rsquo;int\u00e9rieur de la r\u00e9gion.<\/p>\n<p>Cet article <a rel=\"nofollow\" href=\"https:\/\/www.journalducameroun.com\/ethiopie-fatou-bensouda-dirigera-la-commission-denquete-de-lonu\/\">Ethiopie: Fatou Bensouda dirigera la commission d\u2019enqu\u00eate de l\u2019ONU<\/a> est apparu en premier sur <a rel=\"nofollow\" href=\"https:\/\/www.journalducameroun.com\/\">Journal du Cameroun<\/a>.<\/p>\n<\/div>\n<p>Auteur: APA News<br \/>\n<a href=\"https:\/\/www.journalducameroun.com\/ethiopie-fatou-bensouda-dirigera-la-commission-denquete-de-lonu\/\">Cliquez ici pour lire l&rsquo;article depuis sa source.<\/a><\/p>\n","protected":false},"excerpt":{"rendered":"<p>L&rsquo;ex-procureure g\u00e9n\u00e9rale de la Cour P\u00e9nale Internationale va diriger les enqu\u00eates sur les violations pr\u00e9sum\u00e9es des droits humains par les bellig\u00e9rants au conflit en Ethiopie.La nomination de la Gambienne ainsi que celle de deux autres experts, Kaari Betty Murungi, avocate \u00e0 la Haute Cour du Kenya, et l&rsquo;Am\u00e9ricain Steven Ratner, professeur de droit, a \u00e9t\u00e9 [&hellip;]<\/p>\n","protected":false},"author":1965,"featured_media":0,"comment_status":"closed","ping_status":"closed","sticky":false,"template":"","format":"standard","meta":{"fifu_image_url":"https:\/\/www.journalducameroun.com\/wp-content\/uploads\/2022\/03\/16462414841099.jpg","fifu_image_alt":"Ethiopie: Fatou Bensouda dirigera la commission d\u2019enqu\u00eate de l\u2019ONU","footnotes":""},"categories":[73,82],"tags":[],"class_list":["post-142153","post","type-post","status-publish","format-standard","hentry","category-actualite","category-cameroun"],"_links":{"self":[{"href":"https:\/\/linitiative.ca\/International\/wp-json\/wp\/v2\/posts\/142153","targetHints":{"allow":["GET"]}}],"collection":[{"href":"https:\/\/linitiative.ca\/International\/wp-json\/wp\/v2\/posts"}],"about":[{"href":"https:\/\/linitiative.ca\/International\/wp-json\/wp\/v2\/types\/post"}],"author":[{"embeddable":true,"href":"https:\/\/linitiative.ca\/International\/wp-json\/wp\/v2\/users\/1965"}],"replies":[{"embeddable":true,"href":"https:\/\/linitiative.ca\/International\/wp-json\/wp\/v2\/comments?post=142153"}],"version-history":[{"count":0,"href":"https:\/\/linitiative.ca\/International\/wp-json\/wp\/v2\/posts\/142153\/revisions"}],"wp:attachment":[{"href":"https:\/\/linitiative.ca\/International\/wp-json\/wp\/v2\/media?parent=142153"}],"wp:term":[{"taxonomy":"category","embeddable":true,"href":"https:\/\/linitiative.ca\/International\/wp-json\/wp\/v2\/categories?post=142153"},{"taxonomy":"post_tag","embeddable":true,"href":"https:\/\/linitiative.ca\/International\/wp-json\/wp\/v2\/tags?post=142153"}],"curies":[{"name":"wp","href":"https:\/\/api.w.org\/{rel}","templated":true}]}}