{"id":142155,"date":"2022-03-02T14:18:03","date_gmt":"2022-03-02T19:18:03","guid":{"rendered":"https:\/\/linitiative.ca\/International\/exploitation-gaziere-le-nigeria-et-la-guinee-equatoriale-joignent-leurs-forces\/"},"modified":"2022-03-02T14:18:03","modified_gmt":"2022-03-02T19:18:03","slug":"exploitation-gaziere-le-nigeria-et-la-guinee-equatoriale-joignent-leurs-forces","status":"publish","type":"post","link":"https:\/\/linitiative.ca\/International\/exploitation-gaziere-le-nigeria-et-la-guinee-equatoriale-joignent-leurs-forces\/","title":{"rendered":"Exploitation gazi\u00e8re : le Nigeria et la Guin\u00e9e \u00e9quatoriale joignent leurs forces"},"content":{"rendered":"<div>\n<p><img decoding=\"async\" width=\"960\" height=\"638\" src=\"https:\/\/linitiative.ca\/International\/wp-content\/uploads\/sites\/23\/2022\/03\/16462486835297.jpg\" class=\"attachment-post-thumbnail size-post-thumbnail wp-post-image\" alt=\"\" loading=\"lazy\" srcset=\"https:\/\/linitiative.ca\/International\/wp-content\/uploads\/sites\/23\/2022\/03\/16462486835297.jpg 960w, https:\/\/www.journalducameroun.com\/wp-content\/uploads\/2022\/03\/16462486835297-300x199.jpg 300w, https:\/\/www.journalducameroun.com\/wp-content\/uploads\/2022\/03\/16462486835297-768x510.jpg 768w, https:\/\/www.journalducameroun.com\/wp-content\/uploads\/2022\/03\/16462486835297-662x440.jpg 662w, https:\/\/www.journalducameroun.com\/wp-content\/uploads\/2022\/03\/16462486835297-600x399.jpg 600w\" sizes=\"auto, (max-width: 960px) 100vw, 960px\"><\/p>\n<p>Un protocole d&rsquo;accord lie les deux pays pour la connexion de champs offshore nig\u00e9rians \u00e0 une plateforme \u00e9quato-guin\u00e9enne de traitement.L&rsquo;axe Abuja-Malabo se r\u00e9chauffe par le gaz. Timipre Sylva, ministre nig\u00e9rian des Ressources p\u00e9troli\u00e8res et Gabriel Nuema Lima, son homologue \u00e9quato-guin\u00e9en, ont conclu, hier mardi, un partenariat dans ce sens.<\/p>\n<p>Pour le premier nomm\u00e9, l&rsquo;acte pos\u00e9 par les deux pays constitue \u00ab le coup d&rsquo;envoi d&rsquo;une collaboration strat\u00e9gique dans le Golfe de Guin\u00e9e \u00bb avec la combinaison des abondantes r\u00e9serves de gaz naturel du Nigeria et les moyens logistiques de la Guin\u00e9e \u00e9quatoriale pour la liqu\u00e9faction.<\/p>\n<p>Le Nigeria a lanc\u00e9, l&rsquo;ann\u00e9e derni\u00e8re, la D\u00e9cennie du gaz. Cette campagne vise \u00e0 d\u00e9velopper l&rsquo;industrie nationale au cours des dix prochaines ann\u00e9es. Selon M. Sylva, \u00ab le Nigeria dispose d&rsquo;importantes ressources gazi\u00e8res dont une grande partie se trouve en mer. Leur exploitation n\u00e9cessitera des investissements sans pr\u00e9c\u00e9dent \u00bb.<\/p>\n<p>Gr\u00e2ce \u00e0 cette coop\u00e9ration Sud-Sud, a indiqu\u00e9 le ministre \u00e9quato-guin\u00e9en, le gaz offshore nig\u00e9rian pourrait \u00eatre mis sur le march\u00e9 dans un d\u00e9lai de 18 \u00e0 24 mois seulement.<\/p>\n<p>Pour ce faire, Malabo mettra \u00e0 la disposition d&rsquo;Abuja les infrastructures de derni\u00e8re g\u00e9n\u00e9ration install\u00e9es \u00e0 Punta Europa et des fonds, a promis Timipre Sylva.<\/p>\n<p>Cet article <a rel=\"nofollow\" href=\"https:\/\/www.journalducameroun.com\/exploitation-gaziere-le-nigeria-et-la-guinee-equatoriale-joignent-leurs-forces\/\">Exploitation gazi\u00e8re : le Nigeria et la Guin\u00e9e \u00e9quatoriale joignent leurs forces<\/a> est apparu en premier sur <a rel=\"nofollow\" href=\"https:\/\/www.journalducameroun.com\/\">Journal du Cameroun<\/a>.<\/p>\n<\/div>\n<p>Auteur: APA News<br \/>\n<a href=\"https:\/\/www.journalducameroun.com\/exploitation-gaziere-le-nigeria-et-la-guinee-equatoriale-joignent-leurs-forces\/\">Cliquez ici pour lire l&rsquo;article depuis sa source.<\/a><\/p>\n","protected":false},"excerpt":{"rendered":"<p>Un protocole d&rsquo;accord lie les deux pays pour la connexion de champs offshore nig\u00e9rians \u00e0 une plateforme \u00e9quato-guin\u00e9enne de traitement.L&rsquo;axe Abuja-Malabo se r\u00e9chauffe par le gaz. Timipre Sylva, ministre nig\u00e9rian des Ressources p\u00e9troli\u00e8res et Gabriel Nuema Lima, son homologue \u00e9quato-guin\u00e9en, ont conclu, hier mardi, un partenariat dans ce sens. Pour le premier nomm\u00e9, l&rsquo;acte pos\u00e9 [&hellip;]<\/p>\n","protected":false},"author":1965,"featured_media":0,"comment_status":"closed","ping_status":"closed","sticky":false,"template":"","format":"standard","meta":{"fifu_image_url":"https:\/\/www.journalducameroun.com\/wp-content\/uploads\/2022\/03\/16462486835297.jpg","fifu_image_alt":"Exploitation gazi\u00e8re : le Nigeria et la Guin\u00e9e \u00e9quatoriale joignent leurs forces","footnotes":""},"categories":[73,82],"tags":[],"class_list":["post-142155","post","type-post","status-publish","format-standard","hentry","category-actualite","category-cameroun"],"_links":{"self":[{"href":"https:\/\/linitiative.ca\/International\/wp-json\/wp\/v2\/posts\/142155","targetHints":{"allow":["GET"]}}],"collection":[{"href":"https:\/\/linitiative.ca\/International\/wp-json\/wp\/v2\/posts"}],"about":[{"href":"https:\/\/linitiative.ca\/International\/wp-json\/wp\/v2\/types\/post"}],"author":[{"embeddable":true,"href":"https:\/\/linitiative.ca\/International\/wp-json\/wp\/v2\/users\/1965"}],"replies":[{"embeddable":true,"href":"https:\/\/linitiative.ca\/International\/wp-json\/wp\/v2\/comments?post=142155"}],"version-history":[{"count":0,"href":"https:\/\/linitiative.ca\/International\/wp-json\/wp\/v2\/posts\/142155\/revisions"}],"wp:attachment":[{"href":"https:\/\/linitiative.ca\/International\/wp-json\/wp\/v2\/media?parent=142155"}],"wp:term":[{"taxonomy":"category","embeddable":true,"href":"https:\/\/linitiative.ca\/International\/wp-json\/wp\/v2\/categories?post=142155"},{"taxonomy":"post_tag","embeddable":true,"href":"https:\/\/linitiative.ca\/International\/wp-json\/wp\/v2\/tags?post=142155"}],"curies":[{"name":"wp","href":"https:\/\/api.w.org\/{rel}","templated":true}]}}