{"id":142157,"date":"2022-03-02T15:18:03","date_gmt":"2022-03-02T20:18:03","guid":{"rendered":"https:\/\/linitiative.ca\/International\/guerre-en-ukraine-le-senegal-sabstient-a-lonu\/"},"modified":"2022-03-02T15:18:03","modified_gmt":"2022-03-02T20:18:03","slug":"guerre-en-ukraine-le-senegal-sabstient-a-lonu","status":"publish","type":"post","link":"https:\/\/linitiative.ca\/International\/guerre-en-ukraine-le-senegal-sabstient-a-lonu\/","title":{"rendered":"Guerre en Ukraine : le S\u00e9n\u00e9gal s\u2019abstient \u00e0 l\u2019Onu"},"content":{"rendered":"<div>\n<p><img decoding=\"async\" width=\"920\" height=\"510\" src=\"https:\/\/linitiative.ca\/International\/wp-content\/uploads\/sites\/23\/2022\/03\/16462522848185.jpg\" class=\"attachment-post-thumbnail size-post-thumbnail wp-post-image\" alt=\"\" loading=\"lazy\" srcset=\"https:\/\/linitiative.ca\/International\/wp-content\/uploads\/sites\/23\/2022\/03\/16462522848185.jpg 920w, https:\/\/www.journalducameroun.com\/wp-content\/uploads\/2022\/03\/16462522848185-300x166.jpg 300w, https:\/\/www.journalducameroun.com\/wp-content\/uploads\/2022\/03\/16462522848185-768x426.jpg 768w, https:\/\/www.journalducameroun.com\/wp-content\/uploads\/2022\/03\/16462522848185-160x90.jpg 160w, https:\/\/www.journalducameroun.com\/wp-content\/uploads\/2022\/03\/16462522848185-794x440.jpg 794w, https:\/\/www.journalducameroun.com\/wp-content\/uploads\/2022\/03\/16462522848185-600x333.jpg 600w\" sizes=\"auto, (max-width: 920px) 100vw, 920px\"><\/p>\n<p>Le pays de Macky Sall fait partie des 35 qui n&rsquo;ont pas souhait\u00e9, ce mercredi lors de l&rsquo;Assembl\u00e9e G\u00e9n\u00e9rale de l&rsquo;Organisation des nations unies (Onu), se prononcer sur l&rsquo;invasion de la Russie en Ukraine.Le conflit en Ukraine mobilise les Nations Unies. Une r\u00e9solution, exigeant que \u00ab la Russie cesse imm\u00e9diatement de recourir \u00e0 la force contre l&rsquo;Ukraine\u00a0\u00bb, a \u00e9t\u00e9 approuv\u00e9e par 141 pays sur les 193 de l&rsquo;Assembl\u00e9e G\u00e9n\u00e9rale.<\/p>\n<p>Cinq pays, \u00e0 savoir la Russie, le Belarus, la Cor\u00e9e du Nord, l&rsquo;\u00c9rythr\u00e9e et la Syrie, ont vot\u00e9 contre le texte. Trente-cinq \u00c9tats se sont tout bonnement abstenus. Parmi-eux, dix-sept sont africains.<\/p>\n<p>Il s&rsquo;agit de l&rsquo;Alg\u00e9rie, de l&rsquo;Angola, du Burundi, de la Centrafrique, du Congo, de la Guin\u00e9e \u00e9quatoriale, de Madagascar, du Mali, du Mozambique, de la Namibie, du S\u00e9n\u00e9gal, de l&rsquo;Afrique du Sud, du Soudan du Sud, du Soudan, de l&rsquo;Ouganda, de la Tanzanie et du Zimbabwe.<\/p>\n<p>La r\u00e9solution, port\u00e9e par l&rsquo;Union europ\u00e9enne (UE) en coordination avec l&rsquo;Ukraine, \u00a0\u00ab condamne la d\u00e9cision de la Russie d&rsquo;accentuer la mise en alerte de ses forces nucl\u00e9aires \u00bb et exhorte Moscou \u00e0 retirer \u00ab imm\u00e9diatement, compl\u00e8tement et sans conditions, toutes ses forces militaires \u00bb d&rsquo;Ukraine.<\/p>\n<p>Le vote de cette r\u00e9solution fait suite \u00e0 plus de deux jours d&rsquo;interventions \u00e0 la tribune des Nations Unies. Le Kremlin justifie son offensive de grande envergure par la volont\u00e9 de Kiev \u00e0 int\u00e9grer l&rsquo;Organisation du trait\u00e9 de l&rsquo;Atlantique Nord (Otan).<\/p>\n<p>Cet article <a rel=\"nofollow\" href=\"https:\/\/www.journalducameroun.com\/guerre-en-ukraine-le-senegal-sabstient-a-lonu\/\">Guerre en Ukraine : le S\u00e9n\u00e9gal s\u2019abstient \u00e0 l\u2019Onu<\/a> est apparu en premier sur <a rel=\"nofollow\" href=\"https:\/\/www.journalducameroun.com\/\">Journal du Cameroun<\/a>.<\/p>\n<\/div>\n<p>Auteur: APA News<br \/>\n<a href=\"https:\/\/www.journalducameroun.com\/guerre-en-ukraine-le-senegal-sabstient-a-lonu\/\">Cliquez ici pour lire l&rsquo;article depuis sa source.<\/a><\/p>\n","protected":false},"excerpt":{"rendered":"<p>Le pays de Macky Sall fait partie des 35 qui n&rsquo;ont pas souhait\u00e9, ce mercredi lors de l&rsquo;Assembl\u00e9e G\u00e9n\u00e9rale de l&rsquo;Organisation des nations unies (Onu), se prononcer sur l&rsquo;invasion de la Russie en Ukraine.Le conflit en Ukraine mobilise les Nations Unies. Une r\u00e9solution, exigeant que \u00ab la Russie cesse imm\u00e9diatement de recourir \u00e0 la force [&hellip;]<\/p>\n","protected":false},"author":1965,"featured_media":0,"comment_status":"closed","ping_status":"closed","sticky":false,"template":"","format":"standard","meta":{"fifu_image_url":"https:\/\/www.journalducameroun.com\/wp-content\/uploads\/2022\/03\/16462522848185.jpg","fifu_image_alt":"Guerre en Ukraine : le S\u00e9n\u00e9gal s\u2019abstient \u00e0 l\u2019Onu","footnotes":""},"categories":[73,82],"tags":[],"class_list":["post-142157","post","type-post","status-publish","format-standard","hentry","category-actualite","category-cameroun"],"_links":{"self":[{"href":"https:\/\/linitiative.ca\/International\/wp-json\/wp\/v2\/posts\/142157","targetHints":{"allow":["GET"]}}],"collection":[{"href":"https:\/\/linitiative.ca\/International\/wp-json\/wp\/v2\/posts"}],"about":[{"href":"https:\/\/linitiative.ca\/International\/wp-json\/wp\/v2\/types\/post"}],"author":[{"embeddable":true,"href":"https:\/\/linitiative.ca\/International\/wp-json\/wp\/v2\/users\/1965"}],"replies":[{"embeddable":true,"href":"https:\/\/linitiative.ca\/International\/wp-json\/wp\/v2\/comments?post=142157"}],"version-history":[{"count":0,"href":"https:\/\/linitiative.ca\/International\/wp-json\/wp\/v2\/posts\/142157\/revisions"}],"wp:attachment":[{"href":"https:\/\/linitiative.ca\/International\/wp-json\/wp\/v2\/media?parent=142157"}],"wp:term":[{"taxonomy":"category","embeddable":true,"href":"https:\/\/linitiative.ca\/International\/wp-json\/wp\/v2\/categories?post=142157"},{"taxonomy":"post_tag","embeddable":true,"href":"https:\/\/linitiative.ca\/International\/wp-json\/wp\/v2\/tags?post=142157"}],"curies":[{"name":"wp","href":"https:\/\/api.w.org\/{rel}","templated":true}]}}