{"id":142159,"date":"2022-03-02T17:18:03","date_gmt":"2022-03-02T22:18:03","guid":{"rendered":"https:\/\/linitiative.ca\/International\/kenya-le-maroc-elu-president-de-la-6eme-assemblee-de-lonu-pour-lenvironnement\/"},"modified":"2022-03-02T17:18:03","modified_gmt":"2022-03-02T22:18:03","slug":"kenya-le-maroc-elu-president-de-la-6eme-assemblee-de-lonu-pour-lenvironnement","status":"publish","type":"post","link":"https:\/\/linitiative.ca\/International\/kenya-le-maroc-elu-president-de-la-6eme-assemblee-de-lonu-pour-lenvironnement\/","title":{"rendered":"Kenya: le Maroc \u00e9lu pr\u00e9sident de la 6\u00e8me Assembl\u00e9e de l\u2019ONU pour l\u2019environnement"},"content":{"rendered":"<div>\n<p><img decoding=\"async\" width=\"299\" height=\"168\" src=\"https:\/\/linitiative.ca\/International\/wp-content\/uploads\/sites\/23\/2022\/03\/16462594831865.jpg\" class=\"attachment-post-thumbnail size-post-thumbnail wp-post-image\" alt=\"\" loading=\"lazy\" srcset=\"https:\/\/linitiative.ca\/International\/wp-content\/uploads\/sites\/23\/2022\/03\/16462594831865.jpg 299w, https:\/\/www.journalducameroun.com\/wp-content\/uploads\/2022\/03\/16462594831865-780x440.jpg 780w, https:\/\/www.journalducameroun.com\/wp-content\/uploads\/2022\/03\/16462594831865-380x215.jpg 380w, https:\/\/www.journalducameroun.com\/wp-content\/uploads\/2022\/03\/16462594831865-160x90.jpg 160w, https:\/\/www.journalducameroun.com\/wp-content\/uploads\/2022\/03\/16462594831865-240x135.jpg 240w\" sizes=\"auto, (max-width: 299px) 100vw, 299px\"><\/p>\n<p>Le Maroc a \u00e9t\u00e9 \u00e9lu, mercredi \u00e0 Nairobi, par acclamation Pr\u00e9sident de la 6\u00e8me Assembl\u00e9e des Nations Unies pour l&rsquo;Environnement (UNEA-6), pour un mandat de deux ans.Le Maroc, repr\u00e9sent\u00e9 par Mme Leila Benali, ministre de la Transition \u00e9nerg\u00e9tique et du D\u00e9veloppement durable, a \u00e9t\u00e9 \u00e9lu \u00e0 la pr\u00e9sidence de l&rsquo;UNEA-6 apr\u00e8s sa d\u00e9signation, lundi, \u00e0 l&rsquo;issue d&rsquo;un vote majoritaire refl\u00e9tant un large soutien au sein du groupe africain, en tant que repr\u00e9sentant du Continent \u00e0 ce prestigieux poste, relevant du Programme des Nations Unies pour l&rsquo;Environnement (PNUE).<\/p>\n<p>Le Royaume assumera pour la premi\u00e8re fois la pr\u00e9sidence de cette instance d&rsquo;envergure, qui constitue le forum mondial sur l&rsquo;environnement de haut niveau le plus important au monde, et dont la mission consiste \u00e0 discuter et rendre mondiaux les engagements pour la protection environnementale.<\/p>\n<p>Dans une d\u00e9claration \u00e0 cette occasion, Mme Benali a exprim\u00e9 ses remerciements aux diff\u00e9rents pays pour la confiance accord\u00e9e \u00e0 la candidature du Maroc, se disant honor\u00e9e d&rsquo;assumer cette responsabilit\u00e9.<\/p>\n<p>C&rsquo;est un honneur pour le Maroc et pour toute l&rsquo;Afrique, a-t-elle d\u00e9clar\u00e9, adressant, par la m\u00eame, ses f\u00e9licitations au pr\u00e9sident de l&rsquo;UNEA-5, Espen Barth Eide, ministre du Climat et de l&rsquo;Environnement de la Norv\u00e8ge, pour son leadership et son r\u00f4le dans l&rsquo;avancement des discussions autour de toutes les questions soulev\u00e9es dans le cadre de l&rsquo;Agenda de l&rsquo;Assembl\u00e9e.<\/p>\n<p>Soulignant la conjoncture actuelle marqu\u00e9e par une crise environnementale, la ministre Benali a not\u00e9 que le seuil de l&rsquo;irr\u00e9versibilit\u00e9 sera bient\u00f4t d\u00e9pass\u00e9 en l&rsquo;absence d&rsquo;une action imm\u00e9diate.<\/p>\n<p>\u00ab\u00a0Dans un esprit de continuit\u00e9 et d&rsquo;efficacit\u00e9, nous souhaitons consolider les acquis de nos pr\u00e9d\u00e9cesseurs et acc\u00e9l\u00e9rer la mise en \u0153uvre des r\u00e9solutions d\u00e9j\u00e0 adopt\u00e9es. Nous voulons contribuer efficacement \u00e0 la r\u00e9alisation des objectifs de d\u00e9veloppement durable convenus il y a des ann\u00e9es,\u201d a-t-elle affirm\u00e9.<\/p>\n<p>Elle a de m\u00eame insist\u00e9 sur l&rsquo;imp\u00e9ratif de traduire les r\u00e9solutions en des actions concr\u00e8tes et commencer par celles relatives \u00e0 la pollution plastique et aux produits et d\u00e9chets chimiques, estimant que les solutions pr\u00e9conis\u00e9es doivent \u00eatre ressenties par les citoyens du monde, comme leur droit \u00e0 un environnement durable.<\/p>\n<p>La responsable gouvernementale a \u00e9galement affirm\u00e9 sa d\u00e9termination \u00e0 ne m\u00e9nager aucun effort et travailler avec toutes les r\u00e9gions, afin de consolider l&rsquo;autorit\u00e9 de l&rsquo;UNEA en tant qu&rsquo;institution fixant l&rsquo;agenda environnemental mondial.<\/p>\n<p>\u00ab\u00a0Outre l&rsquo;efficacit\u00e9, la cl\u00e9 de notre succ\u00e8s r\u00e9side dans les partenariats que nous r\u00e9ussirons \u00e0 forger entre les gouvernements, le secteur priv\u00e9 et la soci\u00e9t\u00e9 civile,\u00a0\u00bb a poursuivi la ministre, soulignant l&rsquo;importance de la coop\u00e9ration multilat\u00e9rale et la solidarit\u00e9 internationale en mati\u00e8re de lutte contre les d\u00e9fis environnementaux.<\/p>\n<p>Cr\u00e9\u00e9e en 2012, lors de la Conf\u00e9rence des Nations Unies sur le d\u00e9veloppement durable (Rio+20), l&rsquo;ANUE correspond \u00e0 la volont\u00e9 de la communaut\u00e9 internationale de renforcer le r\u00f4le du Programme des Nations Unies pour l&rsquo;environnement (PNUE) pour mieux lutter contre la d\u00e9gradation de l&rsquo;environnement, le changement climatique et la mont\u00e9e des in\u00e9galit\u00e9s au sein de la population mondiale.<\/p>\n<p>Cet article <a rel=\"nofollow\" href=\"https:\/\/www.journalducameroun.com\/kenya-le-maroc-elu-president-de-la-6eme-assemblee-de-lonu-pour-lenvironnement\/\">Kenya: le Maroc \u00e9lu pr\u00e9sident de la 6\u00e8me Assembl\u00e9e de l\u2019ONU pour l\u2019environnement<\/a> est apparu en premier sur <a rel=\"nofollow\" href=\"https:\/\/www.journalducameroun.com\/\">Journal du Cameroun<\/a>.<\/p>\n<\/div>\n<p>Auteur: APA News<br \/>\n<a href=\"https:\/\/www.journalducameroun.com\/kenya-le-maroc-elu-president-de-la-6eme-assemblee-de-lonu-pour-lenvironnement\/\">Cliquez ici pour lire l&rsquo;article depuis sa source.<\/a><\/p>\n","protected":false},"excerpt":{"rendered":"<p>Le Maroc a \u00e9t\u00e9 \u00e9lu, mercredi \u00e0 Nairobi, par acclamation Pr\u00e9sident de la 6\u00e8me Assembl\u00e9e des Nations Unies pour l&rsquo;Environnement (UNEA-6), pour un mandat de deux ans.Le Maroc, repr\u00e9sent\u00e9 par Mme Leila Benali, ministre de la Transition \u00e9nerg\u00e9tique et du D\u00e9veloppement durable, a \u00e9t\u00e9 \u00e9lu \u00e0 la pr\u00e9sidence de l&rsquo;UNEA-6 apr\u00e8s sa d\u00e9signation, lundi, \u00e0 [&hellip;]<\/p>\n","protected":false},"author":1965,"featured_media":0,"comment_status":"closed","ping_status":"closed","sticky":false,"template":"","format":"standard","meta":{"fifu_image_url":"https:\/\/www.journalducameroun.com\/wp-content\/uploads\/2022\/03\/16462594831865.jpg","fifu_image_alt":"Kenya: le Maroc \u00e9lu pr\u00e9sident de la 6\u00e8me Assembl\u00e9e de l\u2019ONU pour l\u2019environnement","footnotes":""},"categories":[73,82],"tags":[],"class_list":["post-142159","post","type-post","status-publish","format-standard","hentry","category-actualite","category-cameroun"],"_links":{"self":[{"href":"https:\/\/linitiative.ca\/International\/wp-json\/wp\/v2\/posts\/142159","targetHints":{"allow":["GET"]}}],"collection":[{"href":"https:\/\/linitiative.ca\/International\/wp-json\/wp\/v2\/posts"}],"about":[{"href":"https:\/\/linitiative.ca\/International\/wp-json\/wp\/v2\/types\/post"}],"author":[{"embeddable":true,"href":"https:\/\/linitiative.ca\/International\/wp-json\/wp\/v2\/users\/1965"}],"replies":[{"embeddable":true,"href":"https:\/\/linitiative.ca\/International\/wp-json\/wp\/v2\/comments?post=142159"}],"version-history":[{"count":0,"href":"https:\/\/linitiative.ca\/International\/wp-json\/wp\/v2\/posts\/142159\/revisions"}],"wp:attachment":[{"href":"https:\/\/linitiative.ca\/International\/wp-json\/wp\/v2\/media?parent=142159"}],"wp:term":[{"taxonomy":"category","embeddable":true,"href":"https:\/\/linitiative.ca\/International\/wp-json\/wp\/v2\/categories?post=142159"},{"taxonomy":"post_tag","embeddable":true,"href":"https:\/\/linitiative.ca\/International\/wp-json\/wp\/v2\/tags?post=142159"}],"curies":[{"name":"wp","href":"https:\/\/api.w.org\/{rel}","templated":true}]}}