{"id":142163,"date":"2022-03-02T14:13:23","date_gmt":"2022-03-02T19:13:23","guid":{"rendered":"https:\/\/linitiative.ca\/International\/le-francais-edf-annonce-un-demarrage-imminent-des-travaux-de-construction-du-barrage-de-kikot\/"},"modified":"2022-03-02T14:13:23","modified_gmt":"2022-03-02T19:13:23","slug":"le-francais-edf-annonce-un-demarrage-imminent-des-travaux-de-construction-du-barrage-de-kikot","status":"publish","type":"post","link":"https:\/\/linitiative.ca\/International\/le-francais-edf-annonce-un-demarrage-imminent-des-travaux-de-construction-du-barrage-de-kikot\/","title":{"rendered":"Le fran\u00e7ais EDF annonce un d\u00e9marrage imminent des travaux de construction du barrage de Kikot"},"content":{"rendered":"<div>\n<p>Situ\u00e9 sur le fleuve Sanaga \u00e0 l\u2019Ouest du barrage de Nachtigal, le projet hydro\u00e9lectrique du barrage de Kikot se dessine peu \u00e0 peu. La directrice g\u00e9n\u00e9rale d\u2019Electricit\u00e9 de France (EDF) pour l\u2019Afrique, le Moyen-Orient et la M\u00e9diterran\u00e9e orientale Val\u00e9rie Levkov en visite en terre camerounaise a \u00e9t\u00e9 re\u00e7ue par le ministre des Finances le 22 f\u00e9vrier 2022.<\/p>\n<p>Les discussions de l\u2019h\u00f4te du Minfi ont port\u00e9s pour l\u2019essentiel sur les projets \u00e9nergiques dans lesquels l\u2019entreprise fran\u00e7aise est engag\u00e9e au Cameroun. De ce fait, un focus a \u00e9t\u00e9 fait sur le barrage de Kikot. EcoMatin a alors appris que l\u2019entreprise fran\u00e7aise envisage d\u00e9marrer le processus de mobilisation des fonds du projet d\u2019ici la fin de l\u2019ann\u00e9e en cours. \u00ab Au-del\u00e0 des \u00e9tudes techniques que nous sommes en train de mener, d\u00e8s la fin de l\u2019ann\u00e9e, nous allons commencer les activit\u00e9s de recherche de financements pour pouvoir d\u00e9marrer la construction le plus rapidement possible, \u00e0 l\u2019instar de ce que nous avons fait \u00e0 Nachtigal \u00bb. d\u00e9clare Val\u00e9rie Levkov \u00e0 la presse.<\/p>\n<p>Selon l\u2019\u00e9nerg\u00e9ticien fran\u00e7ais, le projet est \u00e9valu\u00e9 \u00e0 plus de 1 milliard d\u2019euro environ 642, milliards de Fcfa.<\/p>\n<p>Pr\u00e9sent dans le projet du barrage de Nachtigal, o\u00f9 il d\u00e9tient 40 % de la soci\u00e9t\u00e9 Nachtigal Hydro Power Company (NHPC), \u00e7a sera le deuxi\u00e8me projet \u00e9lectrique de l\u2019entreprise au Cameroun. En 2019, EDF avait sign\u00e9 un accord d\u2019exclusivit\u00e9 avec le Cameroun pour le d\u00e9veloppement du barrage de Kikot. Barrage qui pourrait g\u00e9n\u00e9r\u00e9e une puissance comprise entre 450 et 700MW.<\/p>\n<p>L\u2019article <a rel=\"nofollow\" href=\"https:\/\/ecomatin.net\/le-francais-edf-annonce-un-demarrage-imminent-des-travaux-de-construction-du-barrage-de-kikot\/\">Le fran\u00e7ais EDF annonce un d\u00e9marrage imminent des travaux de construction du barrage de Kikot<\/a> est apparu en premier sur <a rel=\"nofollow\" href=\"https:\/\/ecomatin.net\/\">EcoMatin<\/a>.<\/p>\n<\/div>\n<p>Auteur: Amina MALLOUM<br \/>\n<a href=\"https:\/\/ecomatin.net\/le-francais-edf-annonce-un-demarrage-imminent-des-travaux-de-construction-du-barrage-de-kikot\/\">Cliquez ici pour lire l&rsquo;article depuis sa source.<\/a><\/p>\n","protected":false},"excerpt":{"rendered":"<p>Situ\u00e9 sur le fleuve Sanaga \u00e0 l\u2019Ouest du barrage de Nachtigal, le projet hydro\u00e9lectrique du barrage de Kikot se dessine peu \u00e0 peu. La directrice g\u00e9n\u00e9rale d\u2019Electricit\u00e9 de France (EDF) pour l\u2019Afrique, le Moyen-Orient et la M\u00e9diterran\u00e9e orientale Val\u00e9rie Levkov en visite en terre camerounaise a \u00e9t\u00e9 re\u00e7ue par le ministre des Finances le 22 [&hellip;]<\/p>\n","protected":false},"author":1969,"featured_media":0,"comment_status":"closed","ping_status":"closed","sticky":false,"template":"","format":"standard","meta":{"fifu_image_url":"","fifu_image_alt":"","footnotes":""},"categories":[82,78],"tags":[],"class_list":["post-142163","post","type-post","status-publish","format-standard","hentry","category-cameroun","category-economie"],"_links":{"self":[{"href":"https:\/\/linitiative.ca\/International\/wp-json\/wp\/v2\/posts\/142163","targetHints":{"allow":["GET"]}}],"collection":[{"href":"https:\/\/linitiative.ca\/International\/wp-json\/wp\/v2\/posts"}],"about":[{"href":"https:\/\/linitiative.ca\/International\/wp-json\/wp\/v2\/types\/post"}],"author":[{"embeddable":true,"href":"https:\/\/linitiative.ca\/International\/wp-json\/wp\/v2\/users\/1969"}],"replies":[{"embeddable":true,"href":"https:\/\/linitiative.ca\/International\/wp-json\/wp\/v2\/comments?post=142163"}],"version-history":[{"count":0,"href":"https:\/\/linitiative.ca\/International\/wp-json\/wp\/v2\/posts\/142163\/revisions"}],"wp:attachment":[{"href":"https:\/\/linitiative.ca\/International\/wp-json\/wp\/v2\/media?parent=142163"}],"wp:term":[{"taxonomy":"category","embeddable":true,"href":"https:\/\/linitiative.ca\/International\/wp-json\/wp\/v2\/categories?post=142163"},{"taxonomy":"post_tag","embeddable":true,"href":"https:\/\/linitiative.ca\/International\/wp-json\/wp\/v2\/tags?post=142163"}],"curies":[{"name":"wp","href":"https:\/\/api.w.org\/{rel}","templated":true}]}}