{"id":142168,"date":"2022-03-03T09:30:03","date_gmt":"2022-03-03T14:30:03","guid":{"rendered":"https:\/\/linitiative.ca\/International\/dar-al-maghrib-met-a-lhonneur-des-femmes-marocaines-inspirantes\/"},"modified":"2022-03-03T09:30:03","modified_gmt":"2022-03-03T14:30:03","slug":"dar-al-maghrib-met-a-lhonneur-des-femmes-marocaines-inspirantes","status":"publish","type":"post","link":"https:\/\/linitiative.ca\/International\/dar-al-maghrib-met-a-lhonneur-des-femmes-marocaines-inspirantes\/","title":{"rendered":"Dar Al Maghrib met \u00e0 l\u2019honneur des femmes marocaines inspirantes"},"content":{"rendered":"<div>\n<p><img loading=\"lazy\" decoding=\"async\" width=\"300\" height=\"153\" src=\"https:\/\/linitiative.ca\/International\/wp-content\/uploads\/sites\/23\/2022\/03\/Dar-Al-Maghrib-met-a-lhonneur-des-femmes-marocaines-inspirantes-300x153-1.jpg\" class=\"attachment-medium size-medium wp-post-image\" alt=\"\" srcset=\"https:\/\/linitiative.ca\/International\/wp-content\/uploads\/sites\/23\/2022\/03\/Dar-Al-Maghrib-met-a-lhonneur-des-femmes-marocaines-inspirantes-300x153-1.jpg 300w, https:\/\/aujourdhui.ma\/wp-content\/uploads\/2022\/03\/Dar-Al-Maghrib-met-a-lhonneur-des-femmes-marocaines-inspirantes-274x140.jpg 274w, https:\/\/aujourdhui.ma\/wp-content\/uploads\/2022\/03\/Dar-Al-Maghrib-met-a-lhonneur-des-femmes-marocaines-inspirantes.jpg 746w, https:\/\/aujourdhui.ma\/wp-content\/uploads\/2022\/03\/Dar-Al-Maghrib-met-a-lhonneur-des-femmes-marocaines-inspirantes-165x84.jpg 165w, https:\/\/aujourdhui.ma\/wp-content\/uploads\/2022\/03\/Dar-Al-Maghrib-met-a-lhonneur-des-femmes-marocaines-inspirantes-702x358.jpg 702w\" sizes=\"auto, (max-width: 300px) 100vw, 300px\"><\/p>\n<p><span style=\"color: #800000;\"><strong>Elle offre une programmation sp\u00e9ciale de cr\u00e9ation, de r\u00e9flexion, de d\u00e9bat et de partage<\/strong><\/span><span id=\"more-401398\"><\/span><\/p>\n<p>A l\u2019occasion de la Journ\u00e9e internationale des droits des femmes, le Centre culturel marocain Dar Al Maghrib, situ\u00e9 \u00e0 Montr\u00e9al, propose une programmation riche et diversifi\u00e9e sous le th\u00e8me \u00abLe Maroc des femmes : Dar Al Maghrib engag\u00e9e\u00bb.<br \/>\n\u00abNous offrons un programme sp\u00e9cial de cr\u00e9ation, de r\u00e9flexion, de d\u00e9bat et de partage. Pour nous, c\u2019est une occasion pour affirmer avec force l\u2019engagement du Conseil de la communaut\u00e9 marocaine \u00e0 l\u2019\u00e9tranger (CCM) aupr\u00e8s des femmes marocaines, de toutes disciplines confondues, afin de mettre en valeur les cr\u00e9atrices, les b\u00e2tisseuses, les visionnaires, les gardiennes de notre patrimoine\u00bb, souligne \u00e0 ce sujet Houda Zemmouri, directrice de Dar Al Maghrib. Et de poursuivre : \u00abParce qu\u2019elles sont cr\u00e9atives, innovantes et inspirantes, qu\u2019elles osent et qu\u2019elles r\u00e9ussissent, le CCM souhaite mettre le projecteur sur leurs r\u00e9alisations, raconter leurs histoires et parler de leurs succ\u00e8s. Ces femmes inspirantes, aux parcours diversifi\u00e9s, repr\u00e9sentent des mod\u00e8les qu\u2019il faut c\u00e9l\u00e9brer et faire rayonner\u00bb.<\/p>\n<div class=\"mom_images_grid mom_images_3_cols\">\n<ul class=\"galleryslider\">\n<li class=\"first\"><a href=\"https:\/\/aujourdhui.ma\/wp-content\/uploads\/2022\/03\/Dar-Al-Maghrib-met-a-lhonneur-des-femmes-marocaines-inspirantes-d.jpg\" data-title=\"\" title=\"Dar-Al-Maghrib-met-\u00e0-l'honneur-des-femmes-marocaines-inspirantes--d\"><img decoding=\"async\" alt=\"Dar-Al-Maghrib-met-\u00e0-l'honneur-des-femmes-marocaines-inspirantes--d\" src=\"https:\/\/linitiative.ca\/International\/wp-content\/uploads\/sites\/23\/2022\/03\/Dar-Al-Maghrib-met-a-lhonneur-des-femmes-marocaines-inspirantes-d-746x380-1.jpg\"><\/a><\/li>\n<li class=\"\"><a href=\"https:\/\/aujourdhui.ma\/wp-content\/uploads\/2022\/03\/Dar-Al-Maghrib-met-a-lhonneur-des-femmes-marocaines-inspirantes-s.jpg\" data-title=\"\" title=\"Dar-Al-Maghrib-met-\u00e0-l'honneur-des-femmes-marocaines-inspirantes-s\"><img decoding=\"async\" alt=\"Dar-Al-Maghrib-met-\u00e0-l'honneur-des-femmes-marocaines-inspirantes-s\" src=\"https:\/\/linitiative.ca\/International\/wp-content\/uploads\/sites\/23\/2022\/03\/Dar-Al-Maghrib-met-a-lhonneur-des-femmes-marocaines-inspirantes-s-746x380-1.jpg\"><\/a><\/li>\n<li class=\"last\"><a href=\"https:\/\/aujourdhui.ma\/wp-content\/uploads\/2022\/03\/Dar-Al-Maghrib-met-a-lhonneur-des-femmes-marocaines-inspirantes-xx.jpg\" data-title=\"\" title=\"Dar-Al-Maghrib-met-\u00e0-l'honneur-des-femmes-marocaines-inspirantes--xx\"><img decoding=\"async\" alt=\"Dar-Al-Maghrib-met-\u00e0-l'honneur-des-femmes-marocaines-inspirantes--xx\" src=\"https:\/\/linitiative.ca\/International\/wp-content\/uploads\/sites\/23\/2022\/03\/Dar-Al-Maghrib-met-a-lhonneur-des-femmes-marocaines-inspirantes-xx-746x380-1.jpg\"><\/a><\/li>\n<\/ul>\n<\/div>\n<p>A cet effet, le Centre culturel marocain pr\u00e9sente \u00e0 partir du 8 mars sur les r\u00e9seaux sociaux la 2\u00e8me \u00e9dition de \u00ab8 jours, 8 minutes, 8 femmes\u00bb. Un \u00e9v\u00e9nement qui donne la parole \u00e0 8 jeunes femmes maroco-canadiennes \u00e0 travers de courtes capsules vid\u00e9o d\u2019une dur\u00e9e de 8 minutes. Chacune d\u2019elle se pr\u00e9sente, raconte son histoire, les \u00e9cueils rencontr\u00e9s ainsi que leurs pens\u00e9es sur des questions telles que l\u2019\u00e9galit\u00e9 hommes-femmes, les droits des femmes et leur place dans nos soci\u00e9t\u00e9s, les avanc\u00e9es et les d\u00e9fis qui restent \u00e0 relever. Le programme pr\u00e9sente \u00e9galement une exposition intitul\u00e9e \u00abCorps et \u00e2me\u00bb de l\u2019artiste Zainab Shaban, et ce 10 au 27 mars 2022. \u00c0 travers cette exposition, cette artiste et architecte c\u00e9l\u00e8bre le r\u00f4le de la femme, sa lutte et ses efforts continus.<br \/>\nPar ailleurs, le Centre culturel propose \u00e0 partir du 20 mars une s\u00e9rie de rencontres et d\u00e9bats autour du th\u00e8me \u00abFemmes et patrimoines : De la conservation des m\u00e9moires au d\u00e9fi de l\u2019interculturalit\u00e9\u00bb auxquelles prendront part des sp\u00e9cialistes du Qu\u00e9bec et du Maroc.<\/p>\n<p>Selon les initiateurs, cette rencontre permettra d\u2019aborder \u00ables questions li\u00e9es \u00e0 l\u2019identit\u00e9 des femmes marocaines et d\u2019ailleurs et leur r\u00f4le de gardiennes de la m\u00e9moire dans un contexte en pleine mutation qui soul\u00e8ve de nombreuses questions et enjeux, dont ceux de la modernit\u00e9 et l\u2019interculturalit\u00e9. Seront explor\u00e9es certaines tensions sous-jacentes au changement entre \u00able local et le global, entre l\u2019universel et le singulier, entre la tradition et la modernit\u00e9, entre le court terme et le long terme, entre le d\u00e9veloppement des connaissances et la capacit\u00e9 d\u2019assimilation et entre le mat\u00e9riel et le spirituel\u00bb, comme l\u2019a si bien r\u00e9sum\u00e9 l\u2019Unesco\u00bb.<\/p>\n<p>Enfin, le programme donne \u00e0 d\u00e9couvrir la premi\u00e8re \u00e9dition de l\u2019\u00e9v\u00e9nement Cr\u00e9aMaroc le samedi 26 et dimanche 27 mars. Il s\u2019agit d\u2019une expo-vente d\u00e9di\u00e9e \u00e0 l\u2019entrepreneuriat f\u00e9minin des Marocaines du Canada, qui s\u2019inspirent du riche patrimoine de notre pays. \u00abC\u2019est une occasion de d\u00e9couvrir les talents de femmes qui contribuent chaque jour \u00e0 diffuser et promouvoir notre h\u00e9ritage culturel marocain ancestral. Les exposantes tr\u00e8s attach\u00e9es \u00e0 ce patrimoine artisanal et culturel se retrouveront \u00e0 Dar Al Maghrib pour partager leur passion pour des produits dont le savoir-faire, l\u2019authenticit\u00e9 et la notori\u00e9t\u00e9 ont fait le tour du monde\u00bb, expliquent les initiateurs.<\/p>\n<\/div>\n<p>Auteur: Siham Jadraoui<br \/>\n<a href=\"https:\/\/aujourdhui.ma\/culture\/dar-al-maghrib-met-a-lhonneur-des-femmes-marocaines-inspirantes\">Cliquez ici pour lire l&rsquo;article depuis sa source.<\/a><\/p>\n","protected":false},"excerpt":{"rendered":"<p>Elle offre une programmation sp\u00e9ciale de cr\u00e9ation, de r\u00e9flexion, de d\u00e9bat et de partage A l\u2019occasion de la Journ\u00e9e internationale des droits des femmes, le Centre culturel marocain Dar Al Maghrib, situ\u00e9 \u00e0 Montr\u00e9al, propose une programmation riche et diversifi\u00e9e sous le th\u00e8me \u00abLe Maroc des femmes : Dar Al Maghrib engag\u00e9e\u00bb. \u00abNous offrons un [&hellip;]<\/p>\n","protected":false},"author":1759,"featured_media":0,"comment_status":"closed","ping_status":"closed","sticky":false,"template":"","format":"standard","meta":{"fifu_image_url":"https:\/\/aujourdhui.ma\/wp-content\/uploads\/2022\/03\/Dar-Al-Maghrib-met-a-lhonneur-des-femmes-marocaines-inspirantes-300x153.jpg","fifu_image_alt":"Dar Al Maghrib met \u00e0 l\u2019honneur des femmes marocaines inspirantes","footnotes":""},"categories":[73,54],"tags":[],"class_list":["post-142168","post","type-post","status-publish","format-standard","hentry","category-actualite","category-maroc"],"_links":{"self":[{"href":"https:\/\/linitiative.ca\/International\/wp-json\/wp\/v2\/posts\/142168","targetHints":{"allow":["GET"]}}],"collection":[{"href":"https:\/\/linitiative.ca\/International\/wp-json\/wp\/v2\/posts"}],"about":[{"href":"https:\/\/linitiative.ca\/International\/wp-json\/wp\/v2\/types\/post"}],"author":[{"embeddable":true,"href":"https:\/\/linitiative.ca\/International\/wp-json\/wp\/v2\/users\/1759"}],"replies":[{"embeddable":true,"href":"https:\/\/linitiative.ca\/International\/wp-json\/wp\/v2\/comments?post=142168"}],"version-history":[{"count":0,"href":"https:\/\/linitiative.ca\/International\/wp-json\/wp\/v2\/posts\/142168\/revisions"}],"wp:attachment":[{"href":"https:\/\/linitiative.ca\/International\/wp-json\/wp\/v2\/media?parent=142168"}],"wp:term":[{"taxonomy":"category","embeddable":true,"href":"https:\/\/linitiative.ca\/International\/wp-json\/wp\/v2\/categories?post=142168"},{"taxonomy":"post_tag","embeddable":true,"href":"https:\/\/linitiative.ca\/International\/wp-json\/wp\/v2\/tags?post=142168"}],"curies":[{"name":"wp","href":"https:\/\/api.w.org\/{rel}","templated":true}]}}