{"id":142173,"date":"2022-03-03T10:16:35","date_gmt":"2022-03-03T15:16:35","guid":{"rendered":"https:\/\/linitiative.ca\/International\/covid-19-maroc-la-situation-epidemiologique-au-3-mars-2022-a-16h00\/"},"modified":"2022-03-03T10:16:35","modified_gmt":"2022-03-03T15:16:35","slug":"covid-19-maroc-la-situation-epidemiologique-au-3-mars-2022-a-16h00","status":"publish","type":"post","link":"https:\/\/linitiative.ca\/International\/covid-19-maroc-la-situation-epidemiologique-au-3-mars-2022-a-16h00\/","title":{"rendered":"Covid-19 \/ Maroc : La situation \u00e9pid\u00e9miologique au 3 mars 2022 \u00e0 16H00"},"content":{"rendered":"<div>\n<p><img loading=\"lazy\" decoding=\"async\" width=\"300\" height=\"153\" src=\"https:\/\/linitiative.ca\/International\/wp-content\/uploads\/sites\/23\/2022\/03\/Coronavirus-Covid-19-300x153-1.jpg\" class=\"attachment-medium size-medium wp-post-image\" alt=\"\" srcset=\"https:\/\/linitiative.ca\/International\/wp-content\/uploads\/sites\/23\/2022\/03\/Coronavirus-Covid-19-300x153-1.jpg 300w, https:\/\/aujourdhui.ma\/wp-content\/uploads\/2020\/10\/Coronavirus-Covid-19-274x140.jpg 274w, https:\/\/aujourdhui.ma\/wp-content\/uploads\/2020\/10\/Coronavirus-Covid-19.jpg 746w, https:\/\/aujourdhui.ma\/wp-content\/uploads\/2020\/10\/Coronavirus-Covid-19-165x84.jpg 165w, https:\/\/aujourdhui.ma\/wp-content\/uploads\/2020\/10\/Coronavirus-Covid-19-702x358.jpg 702w\" sizes=\"auto, (max-width: 300px) 100vw, 300px\"><\/p>\n<p>102 nouveaux cas soit un cumul de\u00a0<span dir=\"ltr\" data-redactor-span=\"true\">1 161 392 <\/span>cas \u00e0 ce jour.<br \/>\n386 gu\u00e9risons soit un cumul de\u00a0<span dir=\"ltr\" data-redactor-span=\"true\">1 142 318 <\/span>\u00e0 ce jour.<br \/>\n4 nouveaux d\u00e9c\u00e8s donc un cumul de <span dir=\"ltr\" data-redactor-span=\"true\">16 006 <\/span>\u00e0 ce jour.<\/p>\n<p><span style=\"color: #ff0000;\"><strong>Nombre de personnes vaccin\u00e9es au 3 mars\u00a0 16H00<\/strong><\/span><\/p>\n<p>1\u00e8re dose :\u00a0<strong><span id=\"page3R_mcid103\" class=\"markedContent\"><span dir=\"ltr\" role=\"presentation\">24<\/span><\/span><span id=\"page3R_mcid104\" class=\"markedContent\"><\/span><span id=\"page3R_mcid105\" class=\"markedContent\"> <span dir=\"ltr\" role=\"presentation\">754<\/span><\/span><span id=\"page3R_mcid106\" class=\"markedContent\"> <span dir=\"ltr\" role=\"presentation\">559<\/span><\/span><\/strong><\/p>\n<p>2\u00e8me dose : <strong><span id=\"page3R_mcid96\" class=\"markedContent\"><span dir=\"ltr\" role=\"presentation\">23<\/span><\/span><span id=\"page3R_mcid97\" class=\"markedContent\"><\/span><span id=\"page3R_mcid98\" class=\"markedContent\"> <span dir=\"ltr\" role=\"presentation\">208<\/span><\/span><span id=\"page3R_mcid99\" class=\"markedContent\"> <span dir=\"ltr\" role=\"presentation\">594<\/span><\/span><\/strong><\/p>\n<p>3\u00e8me dose : <strong>5 814 066<\/strong><\/p>\n<p><img loading=\"lazy\" decoding=\"async\" class=\"aligncenter size-large wp-image-401421\" src=\"https:\/\/linitiative.ca\/International\/wp-content\/uploads\/sites\/23\/2022\/03\/coronavirus03032022page1-706x1024-1.jpeg\" alt=\"\" width=\"706\" height=\"1024\" srcset=\"https:\/\/linitiative.ca\/International\/wp-content\/uploads\/sites\/23\/2022\/03\/coronavirus03032022page1-706x1024-1.jpeg 706w, https:\/\/aujourdhui.ma\/wp-content\/uploads\/2022\/03\/coronavirus03032022page1-207x300.jpeg 207w, https:\/\/aujourdhui.ma\/wp-content\/uploads\/2022\/03\/coronavirus03032022page1-768x1114.jpeg 768w, https:\/\/aujourdhui.ma\/wp-content\/uploads\/2022\/03\/coronavirus03032022page1-1059x1536.jpeg 1059w, https:\/\/aujourdhui.ma\/wp-content\/uploads\/2022\/03\/coronavirus03032022page1.jpeg 1103w\" sizes=\"auto, (max-width: 706px) 100vw, 706px\"> <img loading=\"lazy\" decoding=\"async\" class=\"aligncenter size-large wp-image-401422\" src=\"https:\/\/linitiative.ca\/International\/wp-content\/uploads\/sites\/23\/2022\/03\/coronavirus03032022page2-1024x777-1.jpeg\" alt=\"\" width=\"1000\" height=\"759\" srcset=\"https:\/\/linitiative.ca\/International\/wp-content\/uploads\/sites\/23\/2022\/03\/coronavirus03032022page2-1024x777-1.jpeg 1024w, https:\/\/aujourdhui.ma\/wp-content\/uploads\/2022\/03\/coronavirus03032022page2-300x228.jpeg 300w, https:\/\/aujourdhui.ma\/wp-content\/uploads\/2022\/03\/coronavirus03032022page2-768x583.jpeg 768w, https:\/\/aujourdhui.ma\/wp-content\/uploads\/2022\/03\/coronavirus03032022page2.jpeg 1170w\" sizes=\"auto, (max-width: 1000px) 100vw, 1000px\"> <img loading=\"lazy\" decoding=\"async\" class=\"aligncenter size-large wp-image-401424\" src=\"https:\/\/linitiative.ca\/International\/wp-content\/uploads\/sites\/23\/2022\/03\/coronavirus03032022page3-643x1024-1.jpeg\" alt=\"\" width=\"643\" height=\"1024\" srcset=\"https:\/\/linitiative.ca\/International\/wp-content\/uploads\/sites\/23\/2022\/03\/coronavirus03032022page3-643x1024-1.jpeg 643w, https:\/\/aujourdhui.ma\/wp-content\/uploads\/2022\/03\/coronavirus03032022page3-188x300.jpeg 188w, https:\/\/aujourdhui.ma\/wp-content\/uploads\/2022\/03\/coronavirus03032022page3-768x1223.jpeg 768w, https:\/\/aujourdhui.ma\/wp-content\/uploads\/2022\/03\/coronavirus03032022page3-965x1536.jpeg 965w, https:\/\/aujourdhui.ma\/wp-content\/uploads\/2022\/03\/coronavirus03032022page3.jpeg 1005w\" sizes=\"auto, (max-width: 643px) 100vw, 643px\"> <img loading=\"lazy\" decoding=\"async\" class=\"aligncenter size-large wp-image-401425\" src=\"https:\/\/linitiative.ca\/International\/wp-content\/uploads\/sites\/23\/2022\/03\/coronavirus03032022page4-1024x381-1.jpeg\" alt=\"\" width=\"1000\" height=\"372\" srcset=\"https:\/\/linitiative.ca\/International\/wp-content\/uploads\/sites\/23\/2022\/03\/coronavirus03032022page4-1024x381-1.jpeg 1024w, https:\/\/aujourdhui.ma\/wp-content\/uploads\/2022\/03\/coronavirus03032022page4-300x112.jpeg 300w, https:\/\/aujourdhui.ma\/wp-content\/uploads\/2022\/03\/coronavirus03032022page4-768x286.jpeg 768w, https:\/\/aujourdhui.ma\/wp-content\/uploads\/2022\/03\/coronavirus03032022page4.jpeg 1170w\" sizes=\"auto, (max-width: 1000px) 100vw, 1000px\"><\/p>\n<p>\u00a0<\/p>\n<\/div>\n<p>Auteur: ALM<br \/>\n<a href=\"https:\/\/aujourdhui.ma\/societe\/covid-19-maroc-la-situation-epidemiologique-au-3-mars-2022-a-16h00\">Cliquez ici pour lire l&rsquo;article depuis sa source.<\/a><\/p>\n","protected":false},"excerpt":{"rendered":"<p>102 nouveaux cas soit un cumul de\u00a01 161 392 cas \u00e0 ce jour. 386 gu\u00e9risons soit un cumul de\u00a01 142 318 \u00e0 ce jour. 4 nouveaux d\u00e9c\u00e8s donc un cumul de 16 006 \u00e0 ce jour. Nombre de personnes vaccin\u00e9es au 3 mars\u00a0 16H00 1\u00e8re dose :\u00a024 754 559 2\u00e8me dose : 23 208 594 [&hellip;]<\/p>\n","protected":false},"author":1759,"featured_media":0,"comment_status":"closed","ping_status":"closed","sticky":false,"template":"","format":"standard","meta":{"fifu_image_url":"https:\/\/aujourdhui.ma\/wp-content\/uploads\/2020\/10\/Coronavirus-Covid-19-300x153.jpg","fifu_image_alt":"Covid-19 \/ Maroc : La situation \u00e9pid\u00e9miologique au 3 mars 2022 \u00e0 16H00","footnotes":""},"categories":[73,54],"tags":[],"class_list":["post-142173","post","type-post","status-publish","format-standard","hentry","category-actualite","category-maroc"],"_links":{"self":[{"href":"https:\/\/linitiative.ca\/International\/wp-json\/wp\/v2\/posts\/142173","targetHints":{"allow":["GET"]}}],"collection":[{"href":"https:\/\/linitiative.ca\/International\/wp-json\/wp\/v2\/posts"}],"about":[{"href":"https:\/\/linitiative.ca\/International\/wp-json\/wp\/v2\/types\/post"}],"author":[{"embeddable":true,"href":"https:\/\/linitiative.ca\/International\/wp-json\/wp\/v2\/users\/1759"}],"replies":[{"embeddable":true,"href":"https:\/\/linitiative.ca\/International\/wp-json\/wp\/v2\/comments?post=142173"}],"version-history":[{"count":0,"href":"https:\/\/linitiative.ca\/International\/wp-json\/wp\/v2\/posts\/142173\/revisions"}],"wp:attachment":[{"href":"https:\/\/linitiative.ca\/International\/wp-json\/wp\/v2\/media?parent=142173"}],"wp:term":[{"taxonomy":"category","embeddable":true,"href":"https:\/\/linitiative.ca\/International\/wp-json\/wp\/v2\/categories?post=142173"},{"taxonomy":"post_tag","embeddable":true,"href":"https:\/\/linitiative.ca\/International\/wp-json\/wp\/v2\/tags?post=142173"}],"curies":[{"name":"wp","href":"https:\/\/api.w.org\/{rel}","templated":true}]}}