{"id":142179,"date":"2022-03-03T11:41:17","date_gmt":"2022-03-03T16:41:17","guid":{"rendered":"https:\/\/linitiative.ca\/International\/usage-licite-du-cannabis-un-projet-de-decret-adopte-en-conseil-de-gouvernement\/"},"modified":"2022-03-03T11:41:17","modified_gmt":"2022-03-03T16:41:17","slug":"usage-licite-du-cannabis-un-projet-de-decret-adopte-en-conseil-de-gouvernement","status":"publish","type":"post","link":"https:\/\/linitiative.ca\/International\/usage-licite-du-cannabis-un-projet-de-decret-adopte-en-conseil-de-gouvernement\/","title":{"rendered":"Usage licite du cannabis: Un projet de d\u00e9cret adopt\u00e9 en conseil de gouvernement"},"content":{"rendered":"<div>\n<p><img loading=\"lazy\" decoding=\"async\" width=\"300\" height=\"153\" src=\"https:\/\/linitiative.ca\/International\/wp-content\/uploads\/sites\/23\/2022\/03\/cannabis-300x153-1.jpg\" class=\"attachment-medium size-medium wp-post-image\" alt=\"\" srcset=\"https:\/\/linitiative.ca\/International\/wp-content\/uploads\/sites\/23\/2022\/03\/cannabis-300x153-1.jpg 300w, https:\/\/aujourdhui.ma\/wp-content\/uploads\/2021\/04\/cannabis-274x140.jpg 274w, https:\/\/aujourdhui.ma\/wp-content\/uploads\/2021\/04\/cannabis.jpg 746w, https:\/\/aujourdhui.ma\/wp-content\/uploads\/2021\/04\/cannabis-165x84.jpg 165w, https:\/\/aujourdhui.ma\/wp-content\/uploads\/2021\/04\/cannabis-702x358.jpg 702w\" sizes=\"auto, (max-width: 300px) 100vw, 300px\"><\/p>\n<p><strong>Le Conseil de gouvernement, r\u00e9uni jeudi sous la pr\u00e9sidence du Chef du gouvernement, Aziz Akhannouch, a adopt\u00e9 le projet de d\u00e9cret n\u00b0 2.22.159 portant application de certaines dispositions de la loi n\u00b0 13.21 relative \u00e0 l\u2019usage licite du cannabis, pr\u00e9sent\u00e9 par le ministre de l\u2019Int\u00e9rieur, Abdelouafi Laftit.<\/strong><\/p>\n<p><span id=\"more-401435\"><\/span><\/p>\n<p>Ce projet s\u2019inscrit dans le cadre du parach\u00e8vement de l\u2019application de la loi pr\u00e9cit\u00e9e et a \u00e9t\u00e9 \u00e9labor\u00e9e par le minist\u00e8re de l\u2019Int\u00e9rieur en coordination avec les d\u00e9partements minist\u00e9riels concern\u00e9s, a indiqu\u00e9 le ministre d\u00e9l\u00e9gu\u00e9 charg\u00e9 des Relations avec le parlement, porte-parole du gouvernement, Mustapha Baitas, lors d\u2019un point de presse \u00e0 l\u2019issue du Conseil.<\/p>\n<p>\u00a0<\/p>\n<p>Le projet fixe les r\u00e9gions dans lesquelles il est permis d\u2019autoriser les activit\u00e9s li\u00e9es \u00e0 la culture, \u00e0 la production, \u00e0 l\u2019implantation et \u00e0 l\u2019exploitation du cannabis (Al Hoceima, Chefchaouen et Taounate) avec la possibilit\u00e9 d\u2019ajouter d\u2019autres provinces suivant l\u2019int\u00e9r\u00eat manifest\u00e9 par les investisseurs nationaux et internationaux \u00e0 l\u2019\u00e9gard des activit\u00e9s li\u00e9es \u00e0 la cha\u00eene de production du cannabis.<\/p>\n<p>\u00a0<\/p>\n<p>Dans le cadre de l\u2019incitation \u00e0 l\u2019investissement dans ce domaine, le projet confie \u00e0 l\u2019Agence nationale de r\u00e9gulation des activit\u00e9s li\u00e9es au cannabis l\u2019accompagnement des demandeurs de licence et la facilitation de la mise en \u0153uvre des d\u00e9marches administratives li\u00e9es \u00e0 son octroi, conform\u00e9ment aux dispositions de la loi pr\u00e9cit\u00e9e, et ce en coordination \u00e9troite avec tous les acteurs concern\u00e9s, a soulign\u00e9 M. Baitas.<\/p>\n<p>\u00a0<\/p>\n<p>Le projet, a-t-il ajout\u00e9, pr\u00e9voit \u00e9galement la mise en place d\u2019une commission consultative qui aura pour charge l\u2019examen des demandes d\u2019autorisations et de donner son avis sur celles-ci. Pr\u00e9sid\u00e9e par le DG de l\u2019Agence ou son repr\u00e9sentant, cette commission regroupera les repr\u00e9sentants des d\u00e9partements concern\u00e9s.<\/p>\n<p>\u00a0<\/p>\n<p>Dans le sillage des efforts du gouvernement visant \u00e0 \u00e9viter l\u2019exploitation du cannabis licite pour des fins ill\u00e9gales, le projet de d\u00e9cret impose aux titulaires de licence de soumettre \u00e0 l\u2019agence des rapports mensuels sur les entr\u00e9es et sorties de cannabis, ainsi que sur l\u2019\u00e9tat du stock, des semences, des plants et produits, ainsi qu\u2019un inventaire physique annuel de chaque p\u00e9pini\u00e8re et de ses produits.<\/p>\n<p>\u00a0<\/p>\n<p>D\u2019autre part, le ministre a indiqu\u00e9 que le projet de d\u00e9cret habilite les autorit\u00e9s gouvernementales en charge de l\u2019int\u00e9rieur, l\u2019agriculture, la sant\u00e9, et le commerce et industrie \u00e0 \u00e9mettre, selon le cas, \u00e0 prendre les d\u00e9cisions relatives \u00e0 la composition des dossiers de demande d\u2019autorisation li\u00e9es \u00e0 l\u2019ensemble des activit\u00e9s portant sur la culture, la production, la transformation, l\u2019industrialisation, le transport et l\u2019exportation, ainsi que l\u2019importation des productions, des semences et des plants de cannabis ainsi que sur les autorisations de cr\u00e9ation et d\u2019exploitation de ses p\u00e9pini\u00e8res.<\/p>\n<p>\u00a0<\/p>\n<p>Le ministre a relev\u00e9 que les d\u00e9cisions comprennent aussi la d\u00e9termination de la proportion de t\u00e9trahydrocannabinol, les mod\u00e8les de registre et les modalit\u00e9s de leur conservation par l\u2019Agence et des demandeurs de licences, les conditions et les proc\u00e9dures d\u2019homologation de semences et des plants, ainsi que les mod\u00e8les de contrat de vente des cultures, de la r\u00e9colte et leurs proc\u00e8s verbaux de livraison, ainsi que le registre de destruction de la production exc\u00e9dentaire et la d\u00e9finition d\u2019un code sp\u00e9cial attestant que le produit du cannabis a \u00e9t\u00e9 obtenu conform\u00e9ment aux dispositions de la loi n\u00b0 13.21 susvis\u00e9e, outre la d\u00e9termination des modalit\u00e9s de d\u00e9claration, dans les d\u00e9lais r\u00e9glementaires, des dommages et pertes des r\u00e9coltes de cannabis suite \u00e0 un cas de force majeure ou d\u2019un \u00e9v\u00e9nement impr\u00e9vu.<\/p>\n<p>\u00a0<\/p>\n<\/div>\n<p>Auteur: ALM<br \/>\n<a href=\"https:\/\/aujourdhui.ma\/actualite\/usage-licite-du-cannabis-un-projet-de-decret-adopte-en-conseil-de-gouvernement\">Cliquez ici pour lire l&rsquo;article depuis sa source.<\/a><\/p>\n","protected":false},"excerpt":{"rendered":"<p>Le Conseil de gouvernement, r\u00e9uni jeudi sous la pr\u00e9sidence du Chef du gouvernement, Aziz Akhannouch, a adopt\u00e9 le projet de d\u00e9cret n\u00b0 2.22.159 portant application de certaines dispositions de la loi n\u00b0 13.21 relative \u00e0 l\u2019usage licite du cannabis, pr\u00e9sent\u00e9 par le ministre de l\u2019Int\u00e9rieur, Abdelouafi Laftit. Ce projet s\u2019inscrit dans le cadre du parach\u00e8vement [&hellip;]<\/p>\n","protected":false},"author":1759,"featured_media":0,"comment_status":"closed","ping_status":"closed","sticky":false,"template":"","format":"standard","meta":{"fifu_image_url":"https:\/\/aujourdhui.ma\/wp-content\/uploads\/2021\/04\/cannabis-300x153.jpg","fifu_image_alt":"Usage licite du cannabis: Un projet de d\u00e9cret adopt\u00e9 en conseil de gouvernement","footnotes":""},"categories":[73,54],"tags":[],"class_list":["post-142179","post","type-post","status-publish","format-standard","hentry","category-actualite","category-maroc"],"_links":{"self":[{"href":"https:\/\/linitiative.ca\/International\/wp-json\/wp\/v2\/posts\/142179","targetHints":{"allow":["GET"]}}],"collection":[{"href":"https:\/\/linitiative.ca\/International\/wp-json\/wp\/v2\/posts"}],"about":[{"href":"https:\/\/linitiative.ca\/International\/wp-json\/wp\/v2\/types\/post"}],"author":[{"embeddable":true,"href":"https:\/\/linitiative.ca\/International\/wp-json\/wp\/v2\/users\/1759"}],"replies":[{"embeddable":true,"href":"https:\/\/linitiative.ca\/International\/wp-json\/wp\/v2\/comments?post=142179"}],"version-history":[{"count":0,"href":"https:\/\/linitiative.ca\/International\/wp-json\/wp\/v2\/posts\/142179\/revisions"}],"wp:attachment":[{"href":"https:\/\/linitiative.ca\/International\/wp-json\/wp\/v2\/media?parent=142179"}],"wp:term":[{"taxonomy":"category","embeddable":true,"href":"https:\/\/linitiative.ca\/International\/wp-json\/wp\/v2\/categories?post=142179"},{"taxonomy":"post_tag","embeddable":true,"href":"https:\/\/linitiative.ca\/International\/wp-json\/wp\/v2\/tags?post=142179"}],"curies":[{"name":"wp","href":"https:\/\/api.w.org\/{rel}","templated":true}]}}