{"id":142181,"date":"2022-03-02T13:00:00","date_gmt":"2022-03-02T18:00:00","guid":{"rendered":"https:\/\/linitiative.ca\/International\/entretiens-sur-le-renforcement-de-laction-parlementaire-commune\/"},"modified":"2022-03-02T13:00:00","modified_gmt":"2022-03-02T18:00:00","slug":"entretiens-sur-le-renforcement-de-laction-parlementaire-commune","status":"publish","type":"post","link":"https:\/\/linitiative.ca\/International\/entretiens-sur-le-renforcement-de-laction-parlementaire-commune\/","title":{"rendered":"Entretiens sur le renforcement de l\u2019action parlementaire commune"},"content":{"rendered":"<div>\n<p class=\"has-text-align-center has-vivid-red-color has-text-color\"><strong>Maroc \u2013 Egypte<\/strong><\/p>\n<p class=\"has-black-color has-text-color\"><strong>Le pr\u00e9sident de la Chambre des conseillers, Naama Mayara, a eu, mardi \u00e0 Rabat, des entretiens avec le pr\u00e9sident du S\u00e9nat \u00e9gyptien, Abdel-Wahab Abdel-Razek, ax\u00e9s sur le renforcement des moyens de concertation, de coordination et de promotion de l\u2019action parlementaire commune.<\/strong><\/p>\n<p class=\"has-black-color has-text-color\">Cette rencontre a offert l\u2019occasion pour les deux parties de r\u00e9it\u00e9rer leur fiert\u00e9 du niveau des relations distingu\u00e9es unissant le Maroc et l\u2019\u00c9gypte, fond\u00e9es sur l\u2019estime et le respect mutuels, et qui tirent leur force des liens historiques profonds unissant les peuples marocain et \u00e9gyptien, sous la sage conduite de SM le Roi Mohammed VI et du Pr\u00e9sident Abdel Fattah Al-Sissi, a indiqu\u00e9 un communiqu\u00e9 de la Chambre des conseillers.<\/p>\n<p class=\"has-black-color has-text-color\">\u00c0 ce propos, M. Mayara a mis en avant la volont\u00e9 du Maroc de d\u00e9velopper les relations entre les deux pays et d\u2019approfondir le processus de coordination et de concertation vis-\u00e0-vis de l\u2019ensemble des questions bilat\u00e9rales, r\u00e9gionales et internationales.<\/p>\n<p class=\"has-black-color has-text-color\">Il a \u00e9galement soulign\u00e9 la n\u00e9cessit\u00e9 d\u2019\u0153uvrer \u00e0 hisser ces relations au niveau de partenariat strat\u00e9gique auquel aspirent les deux pays, notamment dans les domaines \u00e9conomique et commercial.<\/p>\n<p class=\"has-black-color has-text-color\">M. Mayara a, en outre, exprim\u00e9 la disposition de la Chambre des conseillers \u00e0 apporter une contribution effective, de par sa place constitutionnelle, en vue de consolider ces relations et de conf\u00e9rer \u00e0 la dimension parlementaire la place qu\u2019elle m\u00e9rite, moyennant le renforcement de l\u2019action parlementaire commune, la consolidation du r\u00f4le des groupes de coop\u00e9ration et d\u2019amiti\u00e9 en les \u00e9rigeant en trait d\u2019union efficace et durable entre les institutions l\u00e9gislatives des deux pays, tout en intensifiant la coordination et la concertation lors des diff\u00e9rents fora internationaux au service des int\u00e9r\u00eats communs.<\/p>\n<p class=\"has-black-color has-text-color\">\u00c0 cet \u00e9gard, M. Mayara s\u2019est f\u00e9licit\u00e9 de la signature du protocole de coop\u00e9ration, conclu \u00e0 cette occasion par les deux institutions dans le but de dynamiser davantage les relations de coop\u00e9ration et de partenariat les unissant.<\/p>\n<p class=\"has-black-color has-text-color\">Le pr\u00e9sident du S\u00e9nat \u00e9gyptien, actuellement en visite de travail au Maroc, a pour sa part salu\u00e9 la solidit\u00e9 des relations qu\u2019entretiennent les deux pays, appelant \u00e0 en \u00e9tendre l\u2019\u00e9ventail et \u00e0 \u00e9changer les exp\u00e9riences relativement aux diverses questions d\u2019int\u00e9r\u00eat commun, comme l\u2019environnement, la femme et les droits de l\u2019Homme.<\/p>\n<p class=\"has-black-color has-text-color\">M. Abdel-Razek a, en outre, lou\u00e9 les relations parlementaires entre les institutions l\u00e9gislatives des deux pays, invitant M. Mayara \u00e0 effectuer une visite de travail en \u00c9gypte dans les meilleurs d\u00e9lais, en vue de poursuivre le dialogue parlementaire dans le cadre du dynamisme croissant ponctuant les relations entre les deux pays fr\u00e8res.<\/p>\n<p>L\u2019article <a rel=\"nofollow\" href=\"http:\/\/albayane.press.ma\/entretiens-sur-le-renforcement-de-laction-parlementaire-commune.html\">Entretiens sur le renforcement de l\u2019action parlementaire commune<\/a> est apparu en premier sur <a rel=\"nofollow\" href=\"http:\/\/albayane.press.ma\/\">ALBAYANE<\/a>.<\/p>\n<\/div>\n<p>Auteur: M&rsquo;hammed rahal<br \/>\n<a href=\"http:\/\/albayane.press.ma\/entretiens-sur-le-renforcement-de-laction-parlementaire-commune.html\">Cliquez ici pour lire l&rsquo;article depuis sa source.<\/a><\/p>\n","protected":false},"excerpt":{"rendered":"<p>Maroc \u2013 Egypte Le pr\u00e9sident de la Chambre des conseillers, Naama Mayara, a eu, mardi \u00e0 Rabat, des entretiens avec le pr\u00e9sident du S\u00e9nat \u00e9gyptien, Abdel-Wahab Abdel-Razek, ax\u00e9s sur le renforcement des moyens de concertation, de coordination et de promotion de l\u2019action parlementaire commune. Cette rencontre a offert l\u2019occasion pour les deux parties de r\u00e9it\u00e9rer [&hellip;]<\/p>\n","protected":false},"author":1760,"featured_media":0,"comment_status":"closed","ping_status":"closed","sticky":false,"template":"","format":"standard","meta":{"fifu_image_url":"","fifu_image_alt":"","footnotes":""},"categories":[73,54],"tags":[],"class_list":["post-142181","post","type-post","status-publish","format-standard","hentry","category-actualite","category-maroc"],"_links":{"self":[{"href":"https:\/\/linitiative.ca\/International\/wp-json\/wp\/v2\/posts\/142181","targetHints":{"allow":["GET"]}}],"collection":[{"href":"https:\/\/linitiative.ca\/International\/wp-json\/wp\/v2\/posts"}],"about":[{"href":"https:\/\/linitiative.ca\/International\/wp-json\/wp\/v2\/types\/post"}],"author":[{"embeddable":true,"href":"https:\/\/linitiative.ca\/International\/wp-json\/wp\/v2\/users\/1760"}],"replies":[{"embeddable":true,"href":"https:\/\/linitiative.ca\/International\/wp-json\/wp\/v2\/comments?post=142181"}],"version-history":[{"count":0,"href":"https:\/\/linitiative.ca\/International\/wp-json\/wp\/v2\/posts\/142181\/revisions"}],"wp:attachment":[{"href":"https:\/\/linitiative.ca\/International\/wp-json\/wp\/v2\/media?parent=142181"}],"wp:term":[{"taxonomy":"category","embeddable":true,"href":"https:\/\/linitiative.ca\/International\/wp-json\/wp\/v2\/categories?post=142181"},{"taxonomy":"post_tag","embeddable":true,"href":"https:\/\/linitiative.ca\/International\/wp-json\/wp\/v2\/tags?post=142181"}],"curies":[{"name":"wp","href":"https:\/\/api.w.org\/{rel}","templated":true}]}}