{"id":142182,"date":"2022-03-02T13:00:00","date_gmt":"2022-03-02T18:00:00","guid":{"rendered":"https:\/\/linitiative.ca\/International\/la-force-dexception\/"},"modified":"2022-03-02T13:00:00","modified_gmt":"2022-03-02T18:00:00","slug":"la-force-dexception","status":"publish","type":"post","link":"https:\/\/linitiative.ca\/International\/la-force-dexception\/","title":{"rendered":"La force d\u2019exception !"},"content":{"rendered":"<div>\n<p class=\"has-black-color has-text-color\"><strong>Les rapports entre le Maroc et l\u2019Espagne ont de tous temps, connu des hauts et des bas, des moments de tension et d\u2019apaisement. \u00abLa crise est derri\u00e8re nous\u00a0!\u00bb, jubile r\u00e9cemment le chef de la diplomatie ib\u00e9rique comme il l\u2019avait \u00a0r\u00e9p\u00e9t\u00e9, toutes les fois que l\u2019opportunit\u00e9 s\u2019en faisait ressentir. Aujourd\u2019hui, il semble que le bon sens prenait le dessus sur les errements hostiles de certains courants extr\u00e9mistes de la sph\u00e8re politique madril\u00e8ne. Le r\u00e9chauffement des relations bilat\u00e9rales tend \u00e0 couper court \u00e0 ces malveillances qui sont habitu\u00e9es \u00e0 jeter le pav\u00e9 dans la mare. Comme on a l\u2019habitude, de l\u2019autre camp, de revirement subit d\u2019attitude \u00e0 l\u2019\u00e9gard de l\u2019int\u00e9grit\u00e9 territoriale, traduite par des actes incompr\u00e9hensibles, tel que affich\u00e9 pendant l\u2019admission clandestine sur identit\u00e9 erron\u00e9e du chef du ramassis s\u00e9paratiste dans une clinique espagnole, pour hospitalisation \u00e0 \u00abn\u00e9cessite humaine\u00bb. Faut-il encore se fier au pr\u00e9sent raccommodement de liens raffermis,\u00a0 qui se profile \u00e0 l\u2019horizon\u00a0? Rien de rassurant\u00a0! Mais, l\u2019optimisme a toujours \u00e9t\u00e9 le fort d\u2019une Nation marocaine s\u00e9culaire dont l\u2019approche fut \u00e0 jamais la force d\u2019exception, en termes de chevalerie. En effet, notre pays poursuit son processus d\u00e9mocratique et r\u00e9formique, aux plans socio-\u00e9conomique, \u00e9cologique, culturel, tout en veillant sur la souverainet\u00e9 nationale et le parach\u00e8vement de son unit\u00e9 territoriale. Sans jamais se montrer sectaire ni r\u00e9fractaire, le Maroc tient un discours de mod\u00e9ration et de discernement, sous la conduite \u00e9clair\u00e9e du Souverain, par rapport \u00e0 tous les \u00e9v\u00e9nements qui se pr\u00e9sentent sur son chemin constructif. Il va sans dire que le voisinage ne lui a pas du tout, facilit\u00e9 cette volont\u00e9 de s\u2019\u00e9panouir ni au Nord durant l\u2019\u00e8re coloniale par la dictature franquiste ni \u00e0 l\u2019Est depuis la r\u00e9cup\u00e9ration des \u00a0provinces sahariennes par la junte alg\u00e9rienne.<\/strong><\/p>\n<p class=\"has-black-color has-text-color\"><strong>En revanche, sa ligne de conduite marqu\u00e9e de pacification et de justesse a de sit\u00f4t, balis\u00e9 le chemin du confortement de sa position et son image vis-\u00e0-vis de la communaut\u00e9 plan\u00e9taire. Nul doute, l\u2019Espagne tout comme l\u2019Allemagne se sont-ils rendus compte de cette v\u00e9rit\u00e9 qui ne souffre d\u2019aucune contestation et accord\u00e9s \u00e0 se rendre \u00e0 l\u2019\u00e9vidence pour tourner la page. L\u2019escalade sereine et av\u00e9r\u00e9e de notre pays sur l\u2019\u00e9chiquier mondiale, aussi bien en question diplomatique qu\u2019en \u00e9mergence \u00e9conomique, est en passe de forcer cet acquiescement de sa compagnie d\u2019autant que, faut-il le rappeler, l\u2019Union Europ\u00e9enne avait attribu\u00e9 le registre privil\u00e9gi\u00e9 \u00e0 son alli\u00e9 de choix, justement pour sa solvabilit\u00e9 morale et relationnelle. Encore faut-il se comporter de pareille sorte, dans un climat de parit\u00e9 en mati\u00e8re de reconnaissance mutuelle et de pr\u00e9servation de la r\u00e9ciprocit\u00e9. Dans son discours solennel intitul\u00e9 \u00ab I have a dream\u00a0!\u00a0\u00bb (J\u2019ai un r\u00eave), le c\u00e9l\u00e9brissime \u00a0rebelle anti-esclavagiste am\u00e9ricain, Martin Luther King avait vocif\u00e9r\u00e9 cette citation de haute teneur humaniste\u00a0:\u00a0\u00abNous devons apprendre \u00e0 vivre ensemble, sinon nous allons mourir comme des idiots\u00a0!\u00bb<\/strong><\/p>\n<p>L\u2019article <a rel=\"nofollow\" href=\"http:\/\/albayane.press.ma\/la-force-dexception.html\">La force d\u2019exception !<\/a> est apparu en premier sur <a rel=\"nofollow\" href=\"http:\/\/albayane.press.ma\/\">ALBAYANE<\/a>.<\/p>\n<\/div>\n<p>Auteur: M&rsquo;hammed rahal<br \/>\n<a href=\"http:\/\/albayane.press.ma\/la-force-dexception.html\">Cliquez ici pour lire l&rsquo;article depuis sa source.<\/a><\/p>\n","protected":false},"excerpt":{"rendered":"<p>Les rapports entre le Maroc et l\u2019Espagne ont de tous temps, connu des hauts et des bas, des moments de tension et d\u2019apaisement. \u00abLa crise est derri\u00e8re nous\u00a0!\u00bb, jubile r\u00e9cemment le chef de la diplomatie ib\u00e9rique comme il l\u2019avait \u00a0r\u00e9p\u00e9t\u00e9, toutes les fois que l\u2019opportunit\u00e9 s\u2019en faisait ressentir. Aujourd\u2019hui, il semble que le bon sens [&hellip;]<\/p>\n","protected":false},"author":1760,"featured_media":0,"comment_status":"closed","ping_status":"closed","sticky":false,"template":"","format":"standard","meta":{"fifu_image_url":"","fifu_image_alt":"","footnotes":""},"categories":[73,54],"tags":[],"class_list":["post-142182","post","type-post","status-publish","format-standard","hentry","category-actualite","category-maroc"],"_links":{"self":[{"href":"https:\/\/linitiative.ca\/International\/wp-json\/wp\/v2\/posts\/142182","targetHints":{"allow":["GET"]}}],"collection":[{"href":"https:\/\/linitiative.ca\/International\/wp-json\/wp\/v2\/posts"}],"about":[{"href":"https:\/\/linitiative.ca\/International\/wp-json\/wp\/v2\/types\/post"}],"author":[{"embeddable":true,"href":"https:\/\/linitiative.ca\/International\/wp-json\/wp\/v2\/users\/1760"}],"replies":[{"embeddable":true,"href":"https:\/\/linitiative.ca\/International\/wp-json\/wp\/v2\/comments?post=142182"}],"version-history":[{"count":0,"href":"https:\/\/linitiative.ca\/International\/wp-json\/wp\/v2\/posts\/142182\/revisions"}],"wp:attachment":[{"href":"https:\/\/linitiative.ca\/International\/wp-json\/wp\/v2\/media?parent=142182"}],"wp:term":[{"taxonomy":"category","embeddable":true,"href":"https:\/\/linitiative.ca\/International\/wp-json\/wp\/v2\/categories?post=142182"},{"taxonomy":"post_tag","embeddable":true,"href":"https:\/\/linitiative.ca\/International\/wp-json\/wp\/v2\/tags?post=142182"}],"curies":[{"name":"wp","href":"https:\/\/api.w.org\/{rel}","templated":true}]}}