{"id":142183,"date":"2022-03-02T13:00:00","date_gmt":"2022-03-02T18:00:00","guid":{"rendered":"https:\/\/linitiative.ca\/International\/cette-annee-les-sans-abri-sinvitent-aux-oscars\/"},"modified":"2022-03-02T13:00:00","modified_gmt":"2022-03-02T18:00:00","slug":"cette-annee-les-sans-abri-sinvitent-aux-oscars","status":"publish","type":"post","link":"https:\/\/linitiative.ca\/International\/cette-annee-les-sans-abri-sinvitent-aux-oscars\/","title":{"rendered":"Cette ann\u00e9e, les sans-abri s\u2019invitent aux Oscars"},"content":{"rendered":"<div>\n<p class=\"has-text-align-center has-vivid-cyan-blue-color has-text-color\"><strong>Hollywood accueille les stars et les paillettes et les laiss\u00e9s pour compte<\/strong><\/p>\n<p class=\"has-black-color has-text-color\"><strong>Une fois par an, Hollywood accueille les stars et les paillettes de la c\u00e9r\u00e9monie des Oscars mais toutes les nuits, des centaines de personnes sans-abri dorment sur les trottoirs d\u2019un des plus c\u00e9l\u00e8bres quartiers de Los Angeles.<br \/>Ces deux mondes, voisins et pourtant aux antipodes l\u2019un de l\u2019autre, vont se percuter fin mars. Les r\u00e9alisateurs d\u2019un documentaire consacr\u00e9 au sort des SDF aux Etats-Unis, en lice pour ces prestigieux troph\u00e9es, ont l\u2019intention d\u2019inviter certains de leurs interlocuteurs \u00e0 fouler avec eux le tapis rouge de la soir\u00e9e.<br \/>\u00ab\u00a0Esp\u00e9rons que le jour de la c\u00e9r\u00e9monie, nous pourrons mettre un peu l\u2019accent sur cette cohabitation et attirer l\u2019attention sur cette humanit\u00e9 qui est, litt\u00e9ralement, de l\u2019autre c\u00f4t\u00e9 de la rue et que nous avons tous ignor\u00e9e pendant trop longtemps\u00a0\u00bb, lance \u00e0 l\u2019AFP Pedro Kos, co-r\u00e9alisateur du documentaire \u00ab\u00a0Des Vies Sans Toit\u00a0\u00bb.<br \/>\u00ab\u00a0On croise les doigts pour qu\u2019on puisse venir accompagn\u00e9s de deux ou trois d\u2019entre eux\u00a0\u00bb, ajoute son camarade Jon Shenk.<\/strong><\/p>\n<p class=\"has-black-color has-text-color\">Le film court, diffus\u00e9 sur Netflix, suit le parcours d\u2019une dizaine de sans-abri \u00e0 Los Angeles, San Francisco et Seattle sur l\u2019espace de trois ans. Il montre dans le d\u00e9tail leur vie quotidienne, leur combat pour survivre dans la rue et leurs espoirs d\u2019y \u00e9chapper un jour.<br \/>Parmi eux figurent Luis Rivera Miranda, quadrag\u00e9naire ami des chiens qui se lance dans une histoire d\u2019amour avec une autre SDF, et Ronnie Willis, dit \u00ab\u00a0Futuristic Astaire\u00a0\u00bb, qui danse pour les touristes le long d\u2019Hollywood Boulevard pour pouvoir s\u2019acheter \u00e0 manger.<br \/>\u00ab\u00a0Il a une histoire extraordinaire. C\u2019est quelqu\u2019un qui a uen formation de danseur classique, qui a dans\u00e9 avec Janet Jackson, qui a chor\u00e9graphi\u00e9 +Thong Song+ de Sisqo et qui a malheureusement connu des moments difficiles\u00a0\u00bb, souligne Pedro Kos.<\/p>\n<p class=\"has-black-color has-text-color\">Dans les sc\u00e8nes du documentaire consacr\u00e9es \u00e0 Willis, on peut \u00ab\u00a0vraiment voir le Dolby Theatre\u00a0\u00bb o\u00f9 se d\u00e9roule traditionnellement la c\u00e9r\u00e9monie des Oscars, rel\u00e8ve-t-il.<br \/>Pour les r\u00e9alisateurs, une grande partie du probl\u00e8me des SDF vient du fait que beaucoup trop de gens les voient d\u2019une mani\u00e8re d\u00e9shumanis\u00e9e et se persuadent qu\u2019ils sont responsables de leur propre malheur.<br \/>Les sans-abri interrog\u00e9s dans le film expliquent cependant \u00eatre arriv\u00e9s dans la rue \u00e0 cause de handicaps, d\u2019un rejet de leur famille apr\u00e8s s\u2019\u00eatre d\u00e9clar\u00e9 transgenre, voire apr\u00e8s une d\u00e9pression provoqu\u00e9e par les attentats du 11 septembre 2001.<\/p>\n<p class=\"has-black-color has-text-color\">\u00ab\u00a0Je pense que cela vient de nos propres peurs de subir le m\u00eame sort\u00a0\u00bb, analyse Jon Shenk.<br \/>\u00ab\u00a0Nous esp\u00e9rons que le film pourra offrir un nouveau point de vue\u2026 Rappelons-nous de qui on parle, il s\u2019agit d\u2019Am\u00e9ricains, ce sont nos voisins, ils ont des droits, ce sont des gens\u00a0\u00bb, insiste-t-il.<br \/>Les r\u00e9alisateurs ont pris le temps de gagner la confiance de leurs sujets. Plut\u00f4t que les interviewer de but en blanc, ils ont commenc\u00e9 par installer leur cam\u00e9ra dans des centres d\u2019h\u00e9bergement o\u00f9 ils passaient une \u00ab\u00a0\u00e9valuation de vuln\u00e9rabilit\u00e9\u00a0\u00bb, lan\u00e7ant l\u2019enregistrement avant de quitter la pi\u00e8ce pour leur permettre de s\u2019exprimer plus librement.<br \/>L\u2019un des moments les plus poignants du documentaire est captur\u00e9 lorsqu\u2019une SDF se plaint aupr\u00e8s d\u2019un travailleur social d\u2019avoir \u00e9t\u00e9 une nouvelle fois battue par un d\u00e9nomm\u00e9 Mike.<\/p>\n<p class=\"has-black-color has-text-color\">\u00ab\u00a0Pour les femmes, la violence sexuelle n\u2019est que trop r\u00e9elle\u00a0\u00bb, l\u00e2che Shenk. \u00ab\u00a0Je ne pense pas que nous ayons rencontr\u00e9 une femme qui n\u2019a pas une histoire li\u00e9e \u00e0 \u00e7a\u00a0\u00bb, dit-il.<br \/>Les deux r\u00e9alisateurs n\u2019ont pas de solution miracle au probl\u00e8me qui mine toute la c\u00f4te Ouest des Etats-Unis (150.000 SDF sont recens\u00e9s rien qu\u2019en Californie) mais ils estiment qu\u2019\u00e9liminer les lourdeurs administratives dans les programmes d\u2019aide serait d\u00e9j\u00e0 un bon d\u00e9but.<br \/>\u00ab\u00a0Il ne fait aucun doute pour nous qu\u2019il y a une crise d\u2019humanit\u00e9 en ce moment aux Etats-Unis\u00a0\u00bb, lance Jon Shenk.<br \/>Aux Oscars, \u00ab\u00a0on esp\u00e8re mettre \u00e0 profit ce tout petit moment d\u2019attention sur notre tout petit film pour ouvrir une conversation qui permette aux gens d\u2019avoir un point de vue qu\u2019ils n\u2019auraient pas eu autrement\u00a0\u00bb.<\/p>\n<p>L\u2019article <a rel=\"nofollow\" href=\"http:\/\/albayane.press.ma\/cette-annee-les-sans-abri-sinvitent-aux-oscars.html\">Cette ann\u00e9e, les sans-abri s\u2019invitent aux Oscars<\/a> est apparu en premier sur <a rel=\"nofollow\" href=\"http:\/\/albayane.press.ma\/\">ALBAYANE<\/a>.<\/p>\n<\/div>\n<p>Auteur: M&rsquo;hammed rahal<br \/>\n<a href=\"http:\/\/albayane.press.ma\/cette-annee-les-sans-abri-sinvitent-aux-oscars.html\">Cliquez ici pour lire l&rsquo;article depuis sa source.<\/a><\/p>\n","protected":false},"excerpt":{"rendered":"<p>Hollywood accueille les stars et les paillettes et les laiss\u00e9s pour compte Une fois par an, Hollywood accueille les stars et les paillettes de la c\u00e9r\u00e9monie des Oscars mais toutes les nuits, des centaines de personnes sans-abri dorment sur les trottoirs d\u2019un des plus c\u00e9l\u00e8bres quartiers de Los Angeles.Ces deux mondes, voisins et pourtant aux [&hellip;]<\/p>\n","protected":false},"author":1760,"featured_media":0,"comment_status":"closed","ping_status":"closed","sticky":false,"template":"","format":"standard","meta":{"fifu_image_url":"","fifu_image_alt":"","footnotes":""},"categories":[73,54],"tags":[],"class_list":["post-142183","post","type-post","status-publish","format-standard","hentry","category-actualite","category-maroc"],"_links":{"self":[{"href":"https:\/\/linitiative.ca\/International\/wp-json\/wp\/v2\/posts\/142183","targetHints":{"allow":["GET"]}}],"collection":[{"href":"https:\/\/linitiative.ca\/International\/wp-json\/wp\/v2\/posts"}],"about":[{"href":"https:\/\/linitiative.ca\/International\/wp-json\/wp\/v2\/types\/post"}],"author":[{"embeddable":true,"href":"https:\/\/linitiative.ca\/International\/wp-json\/wp\/v2\/users\/1760"}],"replies":[{"embeddable":true,"href":"https:\/\/linitiative.ca\/International\/wp-json\/wp\/v2\/comments?post=142183"}],"version-history":[{"count":0,"href":"https:\/\/linitiative.ca\/International\/wp-json\/wp\/v2\/posts\/142183\/revisions"}],"wp:attachment":[{"href":"https:\/\/linitiative.ca\/International\/wp-json\/wp\/v2\/media?parent=142183"}],"wp:term":[{"taxonomy":"category","embeddable":true,"href":"https:\/\/linitiative.ca\/International\/wp-json\/wp\/v2\/categories?post=142183"},{"taxonomy":"post_tag","embeddable":true,"href":"https:\/\/linitiative.ca\/International\/wp-json\/wp\/v2\/tags?post=142183"}],"curies":[{"name":"wp","href":"https:\/\/api.w.org\/{rel}","templated":true}]}}