{"id":142184,"date":"2022-03-02T13:00:00","date_gmt":"2022-03-02T18:00:00","guid":{"rendered":"https:\/\/linitiative.ca\/International\/les-femmes-artistes-des-annees-folles-avaient-deja-revolutionne-le-genre\/"},"modified":"2022-03-02T13:00:00","modified_gmt":"2022-03-02T18:00:00","slug":"les-femmes-artistes-des-annees-folles-avaient-deja-revolutionne-le-genre","status":"publish","type":"post","link":"https:\/\/linitiative.ca\/International\/les-femmes-artistes-des-annees-folles-avaient-deja-revolutionne-le-genre\/","title":{"rendered":"Les femmes artistes des ann\u00e9es folles avaient d\u00e9j\u00e0 r\u00e9volutionn\u00e9 le genre"},"content":{"rendered":"<div>\n<p class=\"has-text-align-center has-vivid-cyan-blue-color has-text-color\"><strong>Au Paris des ann\u00e9es vingt<\/strong><\/p>\n<p class=\"has-black-color has-text-color\"><strong>En 1920, d\u00e9cim\u00e9s par la Grande Guerre (1914-1918) les hommes ont \u00e9t\u00e9 remplac\u00e9s par les femmes sur de nombreux fronts. Cette inversion brutale des genres, les artistes f\u00e9minines du Paris des ann\u00e9es folles en ont fait une force dans l\u2019art de cr\u00e9er et d\u2019aimer.<\/strong><\/p>\n<p class=\"has-black-color has-text-color\">C\u2019est ce que montre, \u00e0 travers des peintures, photographies, films et objets d\u2019art singuliers, une exposition qui d\u00e9bute mercredi au mus\u00e9e du Luxembourg \u00e0 Paris et rend hommage \u00e0 une quarantaine d\u2019entre elles, c\u00e9l\u00e9br\u00e9es de leur vivant et souvent tr\u00e8s peu connues, plusieurs n\u2019ayant jamais \u00e9t\u00e9 expos\u00e9es en France.<br \/>En plein questionnement sur la fluidit\u00e9 de genre, l\u2019identit\u00e9 et la place des femmes dans la soci\u00e9t\u00e9, on d\u00e9couvre un si\u00e8cle plus tard que ces \u00ab\u00a0pionni\u00e8res des ann\u00e9es folles\u00a0\u00bb (de 1920 jusqu\u2019aux ann\u00e9es 1930), venues du monde entier, osaient d\u00e9j\u00e0 tout dans ce Paris consid\u00e9r\u00e9, \u00e0 l\u2019\u00e9poque, comme le \u00ab\u00a0coeur mondial de l\u2019effervescence artistique et culturelle\u00a0\u00bb, soulignent les commissaires de l\u2019exposition, Camille Morineau et Lucia Pesapane.<\/p>\n<p class=\"has-black-color has-text-color\">Elles ont oeuvr\u00e9 dans toutes les disciplines artistiques (figuratif, abstraction, cubisme, marionnettes, mode, cabaret, chanson, cin\u00e9ma\u2026), rivalisant avec leurs homologues masculins.<br \/>Ayant leurs ateliers, dirigeant des \u00e9coles de formation, souvent seules, parfois en couple, elles ont occup\u00e9 \u00ab\u00a0un r\u00f4le primordial dans les grands mouvements artistiques de la modernit\u00e9, dont elles ont souvent \u00e9t\u00e9 les porte-parole\u00a0\u00bb, ajoutent les commissaires.<br \/>En mati\u00e8re amoureuse et sexuelle, un de leurs sujets de pr\u00e9dilection, elle ont affich\u00e9 une tr\u00e8s grande libert\u00e9, allant jusqu\u2019\u00e0 se faire filmer pour les \u00ab\u00a0m\u00e9dias\u00a0\u00bb de l\u2019\u00e9poque (le cin\u00e9ma) en train de peindre une amante nue (Tamara de Lempicka) ou t\u00e9moigner, par la peinture, de la transformation physique bien r\u00e9elle d\u2019un mari en pleine \u00ab\u00a0transition\u00a0\u00bb f\u00e9minine.<\/p>\n<p class=\"has-black-color has-text-color\">La Polonaise Tamara de Lempicka (1898-1980) a s\u00e9duit plusieurs stars am\u00e9ricaines, dont la chanteuse Madonna, qui ont acquis nombre de ses oeuvres.<br \/>Pr\u00e9figurant la r\u00e9volution \u00ab\u00a0queer\u00a0\u00bb actuelle, certaines artistes ont opt\u00e9 pour des noms masculins (Anna Prinner dite Anton Prinner par exemple), le pantalon, la cravate, la barbe ou une f\u00e9minit\u00e9 extr\u00eame cach\u00e9e sous la figure de \u00ab\u00a0la gar\u00e7onne\u00a0\u00bb, au casque de cheveux noirs, cigarette fich\u00e9e entre des l\u00e8vres \u00e9carlates, robe fluide g\u00e9om\u00e9trique.<br \/>En qu\u00eate de libert\u00e9, elles faisaient partie des nombreux artistes venus \u00e0 Paris de Russie et de Pologne pour fuir la r\u00e9volution russe d\u2019Octobre 1917, les nouvelles fronti\u00e8res dessin\u00e9es par le trait\u00e9 de Versailles de 1919, la prohibition ou le racisme aux \u00c9tats-Unis, ou un conservatisme trop \u00e9touffant dans leur pays, explique Mme Morineau.<br \/>\u00ab\u00a0\u00c0 l\u2019\u00e9poque, Paris est un endroit o\u00f9 coexistent paradoxalement libert\u00e9s et conservatisme : le suffrage f\u00e9minin est refus\u00e9, la propagande contraceptive interdite et l\u2019avortement s\u00e9v\u00e8rement puni\u00a0\u00bb, ajoute-t-elle.<br \/>Dans le m\u00eame temps, les femmes homosexuelles ou bisexuelles qui fr\u00e9quentent les salons saphistes et les bals masqu\u00e9s ou se travestissent, ne sont pas inqui\u00e9t\u00e9es par la police, elles sont m\u00eames \u00e0 l\u2019honneur dans les cabarets, r\u00e9v\u00e8le l\u2019exposition.<\/p>\n<p class=\"has-black-color has-text-color\">Beaucoup de femmes peintres de cette \u00e9poque c\u00e9l\u00e8brent le corps \u00ab\u00a0autrement\u00a0\u00bb et l\u2019exposition leur consacre une section enti\u00e8re : nu apr\u00e8s la maternit\u00e9, peint sans fard au quotidien, ou celui lascif d\u2019une amante aux poils pubiens prononc\u00e9s\u2026<br \/>Plusieurs photos de Jos\u00e9phine Baker prises par Madame d\u2019Ora (Dora Kallmus) \u00e9voquent une artiste incarnant pleinement l\u2019\u00e9poque, qui vendait son image \u00e0 travers des produits cosm\u00e9tiques.<br \/>L\u2019exposition se conclut par les \u00ab\u00a0pionni\u00e8res de la diversit\u00e9\u00a0\u00bb, telle la Br\u00e9silienne Tarsila Do Amaral.<\/p>\n<p>L\u2019article <a rel=\"nofollow\" href=\"http:\/\/albayane.press.ma\/les-femmes-artistes-des-annees-folles-avaient-deja-revolutionne-le-genre.html\">Les femmes artistes des ann\u00e9es folles avaient d\u00e9j\u00e0 r\u00e9volutionn\u00e9 le genre<\/a> est apparu en premier sur <a rel=\"nofollow\" href=\"http:\/\/albayane.press.ma\/\">ALBAYANE<\/a>.<\/p>\n<\/div>\n<p>Auteur: M&rsquo;hammed rahal<br \/>\n<a href=\"http:\/\/albayane.press.ma\/les-femmes-artistes-des-annees-folles-avaient-deja-revolutionne-le-genre.html\">Cliquez ici pour lire l&rsquo;article depuis sa source.<\/a><\/p>\n","protected":false},"excerpt":{"rendered":"<p>Au Paris des ann\u00e9es vingt En 1920, d\u00e9cim\u00e9s par la Grande Guerre (1914-1918) les hommes ont \u00e9t\u00e9 remplac\u00e9s par les femmes sur de nombreux fronts. Cette inversion brutale des genres, les artistes f\u00e9minines du Paris des ann\u00e9es folles en ont fait une force dans l\u2019art de cr\u00e9er et d\u2019aimer. C\u2019est ce que montre, \u00e0 travers [&hellip;]<\/p>\n","protected":false},"author":1760,"featured_media":0,"comment_status":"closed","ping_status":"closed","sticky":false,"template":"","format":"standard","meta":{"fifu_image_url":"","fifu_image_alt":"","footnotes":""},"categories":[73,54],"tags":[],"class_list":["post-142184","post","type-post","status-publish","format-standard","hentry","category-actualite","category-maroc"],"_links":{"self":[{"href":"https:\/\/linitiative.ca\/International\/wp-json\/wp\/v2\/posts\/142184","targetHints":{"allow":["GET"]}}],"collection":[{"href":"https:\/\/linitiative.ca\/International\/wp-json\/wp\/v2\/posts"}],"about":[{"href":"https:\/\/linitiative.ca\/International\/wp-json\/wp\/v2\/types\/post"}],"author":[{"embeddable":true,"href":"https:\/\/linitiative.ca\/International\/wp-json\/wp\/v2\/users\/1760"}],"replies":[{"embeddable":true,"href":"https:\/\/linitiative.ca\/International\/wp-json\/wp\/v2\/comments?post=142184"}],"version-history":[{"count":0,"href":"https:\/\/linitiative.ca\/International\/wp-json\/wp\/v2\/posts\/142184\/revisions"}],"wp:attachment":[{"href":"https:\/\/linitiative.ca\/International\/wp-json\/wp\/v2\/media?parent=142184"}],"wp:term":[{"taxonomy":"category","embeddable":true,"href":"https:\/\/linitiative.ca\/International\/wp-json\/wp\/v2\/categories?post=142184"},{"taxonomy":"post_tag","embeddable":true,"href":"https:\/\/linitiative.ca\/International\/wp-json\/wp\/v2\/tags?post=142184"}],"curies":[{"name":"wp","href":"https:\/\/api.w.org\/{rel}","templated":true}]}}