{"id":142185,"date":"2022-03-02T13:00:00","date_gmt":"2022-03-02T18:00:00","guid":{"rendered":"https:\/\/linitiative.ca\/International\/rever-le-changement-et-gerer-la-commune\/"},"modified":"2022-03-02T13:00:00","modified_gmt":"2022-03-02T18:00:00","slug":"rever-le-changement-et-gerer-la-commune","status":"publish","type":"post","link":"https:\/\/linitiative.ca\/International\/rever-le-changement-et-gerer-la-commune\/","title":{"rendered":"R\u00eaver le changement et g\u00e9rer la commune"},"content":{"rendered":"<div>\n<p class=\"has-black-color has-text-color\"><strong>Si le parlement est en vacances, le groupe parlementaire du Parti du Progr\u00e8s et du Socialisme ne l\u2019est pas. Il a entrepris la r\u00e9alisation d\u2019une \u00ab\u00a0Caravane du livre\u00a0\u00bb pour aller sur le terrain, \u00e0 la rencontre de la population et des \u00e9lus. La premi\u00e8re \u00e9tape de cette tourn\u00e9e a int\u00e9ress\u00e9la terminaison occidentale du Haut Atlas, dans la r\u00e9gion Souss-Massa.\u00a0<\/strong><\/p>\n<p class=\"has-black-color has-text-color\">Une morphologie de haute montagne avec des canyons profonds et o\u00f9 la route pr\u00e9sente des virages allant jusqu\u2019\u00e0 approcher les cent quatre-vingts dix degr\u00e9s. Si celadonne parfois le vertige\u00a0;c\u2019est la maintenance de cet axe de communication, et sa ramification pour d\u00e9senclaver les agglom\u00e9rations et les douars, qui constitue l\u2019une des revendications qui revient dans les interventions de la population et des \u00e9lus.L\u2019\u00e9tat de la chauss\u00e9e et de ses accotements exprime la marginalisation. Sur les versants on aper\u00e7oit le r\u00e9sultat des mouvements gravitaires, des rochers retenus qui n\u2019attendent qu\u2019une faiblesse pour d\u00e9valer la pente\u00a0; des \u00e9boulis sur le bas-c\u00f4t\u00e9 l\u2019attestent.<\/p>\n<p class=\"has-black-color has-text-color\">A Ameskroud, dans la banlieue d\u2019Agadir, au pied de la montagne, le patriarche qui recevait la d\u00e9l\u00e9gation parlementaire du PPSintroduisit son discours, apr\u00e8s les souhaits de bienvenue, en \u00e9voquant l\u2019empreinte politique du PPS et de ses membres.<\/p>\n<p class=\"has-black-color has-text-color\">L\u2019empreinte politique exprime la confiance qu\u2019\u00e9prouve la population suite \u00e0 la d\u00e9termination exerc\u00e9e par le parti,\u00e0 tous les niveaux de son action, pour r\u00e9pondre \u00e0 ses aspirations et lui permettre de subvenir \u00e0 ses besoins. Elle permet de comparer les organisations politiques entre elles quant \u00e0 la cr\u00e9dibilit\u00e9 qu\u2019elles peuvent inspirer ou non aupr\u00e8s de la population.<\/p>\n<p class=\"has-black-color has-text-color\">C\u2019est ainsi que, malgr\u00e9 les nombreuses difficult\u00e9s, l\u2019action du PPS arrive \u00e0 se frayer un chemin par son empreinte et la sinc\u00e9rit\u00e9 de son engagement pour le bien\u00eatre des marocain(e)s. Aussi, cela s\u2019acquiert par un travail de proximit\u00e9 inlassable.<\/p>\n<p class=\"has-black-color has-text-color\">Le d\u00e9veloppement rural est aussi une affaire o\u00f9 la connaissance du milieu et l\u2019articulation des aspirations l\u00e9gitimes de la population avec les programmes d\u2019action du gouvernement interviennent. La n\u00e9cessit\u00e9 des \u00e9tudes techniques interpelle sur le r\u00f4le de l\u2019Universit\u00e9. Assurer la formation en recherche et permettre \u00e0 des communes de faire le diagnostic de leur environnement, la hi\u00e9rarchisation des aspirations de la population et de prioriser les actions \u00e0 r\u00e9aliser, est une \u0153uvre d\u2019utilit\u00e9 publique qui assurera le rayonnement de l\u2019Universit\u00e9.<\/p>\n<p class=\"has-black-color has-text-color\">L\u2019\u00e9change des exp\u00e9riences entre les pr\u00e9sents aboutit peu \u00e0 peu \u00e0 dialoguer sur ce qui revient \u00e0 l\u2019Etat et ce que doit \u00eatre le r\u00f4le de la commune dans la mise en \u0153uvre du d\u00e9veloppement. Le sage releva que l\u2019adage populaire veut \u00ab\u00a0que ne pourra d\u00e9velopper le territoire que sa population\u00a0\u00bb. Le gestionnaire ajouta \u00ab\u00a0encore faut-il savoir le faire ?\u00a0\u00bb.<\/p>\n<p class=\"has-black-color has-text-color\">Ainsi agir pour assurer la stabilit\u00e9 de la gestion politique du conseil communal\u00a0; en prenant en consid\u00e9ration l\u2019opposition autant que la majorit\u00e9, avec un fonctionnement et une gestion rigoureuse.Si le budget de la commune reste peu cons\u00e9quent, il est urgent de s\u2019interroger sur \u00ab\u00a0comment arriver \u00e0 user des possibilit\u00e9s offertes pour trouver le financement\u00a0?\u00a0\u00bb.<\/p>\n<p class=\"has-black-color has-text-color\">Les actions sont ainsi d\u00e9clin\u00e9es selon un timing o\u00f9 la premi\u00e8re ann\u00e9e est consacr\u00e9e \u00e0 l\u2019\u00e9tablissement du programme d\u2019action du conseil communal. Prendre attache avec l\u2019ensemble des services de l\u2019administration pour conna\u00eetre les projets envisag\u00e9sau niveau du territoire communal.Engager des conventions avec les minist\u00e8res pour acc\u00e9l\u00e9rer la r\u00e9alisation. \u2026etc. Autant l\u2019expos\u00e9 que la discussion qui s\u2019en suit, \u00e9clairent les intervenants sur \u00ab\u00a0le r\u00eave du changement pour r\u00e9aliser la commune\u00a0\u00bb \u2026<\/p>\n<p class=\"has-black-color has-text-color\">La probl\u00e9matique de l\u2019habitat rural est une ritournelle entre les attentes de la population et les contraintes des dispositions juridiques nationales. Comment trouver les solutions ad\u00e9quates aussi bien pour la population locale que pour am\u00e9liorer l\u2019arsenal juridique\u00a0? Le groupe parlementaire du PPS est ainsi interpell\u00e9 pour contribuer \u00e0 r\u00e9pondre aux attentes de la population sur ce sujet et sur d\u2019autres comme l\u2019eau potable, l\u2019enseignement, la sant\u00e9, le transport,l\u2019associatif etles personnes dans une situation de besoin.<\/p>\n<p class=\"has-black-color has-text-color\">Apr\u00e8s une collation o\u00f9 les produits du terroir sont appr\u00e9ci\u00e9s, l\u2019ensemble se d\u00e9place pour visiter un centre de sant\u00e9 en devenir. Son histoire remonte au si\u00e8cle dernier et rel\u00e8ve la n\u00e9cessit\u00e9 de la mise en \u0153uvre de la carte sanitaire du royaume en relation avec les besoins de la population, les ressources humaines et les infrastructures n\u00e9cessaires et leurs \u00e9quipements.<\/p>\n<p class=\"has-black-color has-text-color\">Vers les cr\u00eates de la montagne, surplombant le barrage Abdelmoumen o\u00f9 l\u2019effet de la s\u00e9cheresse laisse appara\u00eetre les fonds de sa retenue, Tiqqise trouve \u00e0 la limite entre des provinces. Cette situation est encore ressentie parl\u2019enclavement politique dans lequel certains veulent placer la commune. L\u2019exode des jeunes faute d\u2019emploi, exacerb\u00e9e par les cons\u00e9quences de la s\u00e9cheresse,induit \u00ab\u00a0un vide\u00a0\u00bb de la commune.La n\u00e9cessit\u00e9 de la stabilisation de la population est une revendication primordiale pour am\u00e9nager le territoire.<\/p>\n<p class=\"has-black-color has-text-color\">La commune se situe dans la marge, dans un environnement montagneux o\u00f9 tout est \u00e0 faire. La volont\u00e9 de s\u2019en sortir malgr\u00e9 les contraintes de la vie dans un milieu hostile est manifeste et r\u00e9pand un enthousiasme aussi fort que le miel de la r\u00e9gion.<\/p>\n<p class=\"has-black-color has-text-color\">Sentir la solidarit\u00e9 citoyenne et l\u2019appartenance partisane pour la mise \u00e0 niveau de la commune et faire part de sa fiert\u00e9 de servir notre beau pays est devenue le leitmotiv.<\/p>\n<p class=\"has-black-color has-text-color\">Emporter la conviction pour couronner la conviction, celle d\u2019assumer la responsabilit\u00e9, de r\u00eaver le changement et de faire converger l\u2019ensemble de l\u2019effort. Car, la cr\u00e9dibilit\u00e9 de la parole donn\u00e9e lors de la campagne \u00e9lectorale etla valeur du votesont devenus un pacte, un engagement pour d\u00e9fier d\u2019autres pratiques d\u00e9pravantes.<\/p>\n<p class=\"has-black-color has-text-color\">A Taddrart, \u00e0 Aresqui, les m\u00e9canismes de l\u2019action communale, pour assumer la responsabilit\u00e9 de la repr\u00e9sentation sont mis en exergue. L\u2019approche, aussi \u00e9vidente soit-elle, est \u00e0 mettre en \u0153uvre dans la pratique par l\u2019\u00e9coute et l\u2019action de proximit\u00e9. Se distinguer des autres acteurs politiques, dans le cadre du jeu d\u00e9mocratique marqu\u00e9 par le pluralisme, en r\u00eavant le changement et en g\u00e9rant la commune.<\/p>\n<p>L\u2019article <a rel=\"nofollow\" href=\"http:\/\/albayane.press.ma\/rever-le-changement-et-gerer-la-commune.html\">R\u00eaver le changement et g\u00e9rer la commune<\/a> est apparu en premier sur <a rel=\"nofollow\" href=\"http:\/\/albayane.press.ma\/\">ALBAYANE<\/a>.<\/p>\n<\/div>\n<p>Auteur: M&rsquo;hammed rahal<br \/>\n<a href=\"http:\/\/albayane.press.ma\/rever-le-changement-et-gerer-la-commune.html\">Cliquez ici pour lire l&rsquo;article depuis sa source.<\/a><\/p>\n","protected":false},"excerpt":{"rendered":"<p>Si le parlement est en vacances, le groupe parlementaire du Parti du Progr\u00e8s et du Socialisme ne l\u2019est pas. Il a entrepris la r\u00e9alisation d\u2019une \u00ab\u00a0Caravane du livre\u00a0\u00bb pour aller sur le terrain, \u00e0 la rencontre de la population et des \u00e9lus. La premi\u00e8re \u00e9tape de cette tourn\u00e9e a int\u00e9ress\u00e9la terminaison occidentale du Haut Atlas, [&hellip;]<\/p>\n","protected":false},"author":1760,"featured_media":0,"comment_status":"closed","ping_status":"closed","sticky":false,"template":"","format":"standard","meta":{"fifu_image_url":"","fifu_image_alt":"","footnotes":""},"categories":[73,54],"tags":[],"class_list":["post-142185","post","type-post","status-publish","format-standard","hentry","category-actualite","category-maroc"],"_links":{"self":[{"href":"https:\/\/linitiative.ca\/International\/wp-json\/wp\/v2\/posts\/142185","targetHints":{"allow":["GET"]}}],"collection":[{"href":"https:\/\/linitiative.ca\/International\/wp-json\/wp\/v2\/posts"}],"about":[{"href":"https:\/\/linitiative.ca\/International\/wp-json\/wp\/v2\/types\/post"}],"author":[{"embeddable":true,"href":"https:\/\/linitiative.ca\/International\/wp-json\/wp\/v2\/users\/1760"}],"replies":[{"embeddable":true,"href":"https:\/\/linitiative.ca\/International\/wp-json\/wp\/v2\/comments?post=142185"}],"version-history":[{"count":0,"href":"https:\/\/linitiative.ca\/International\/wp-json\/wp\/v2\/posts\/142185\/revisions"}],"wp:attachment":[{"href":"https:\/\/linitiative.ca\/International\/wp-json\/wp\/v2\/media?parent=142185"}],"wp:term":[{"taxonomy":"category","embeddable":true,"href":"https:\/\/linitiative.ca\/International\/wp-json\/wp\/v2\/categories?post=142185"},{"taxonomy":"post_tag","embeddable":true,"href":"https:\/\/linitiative.ca\/International\/wp-json\/wp\/v2\/tags?post=142185"}],"curies":[{"name":"wp","href":"https:\/\/api.w.org\/{rel}","templated":true}]}}