{"id":142186,"date":"2022-03-03T09:00:00","date_gmt":"2022-03-03T14:00:00","guid":{"rendered":"https:\/\/linitiative.ca\/International\/khaled-drareni-condamne-a-6-mois-de-prison-avec-sursis\/"},"modified":"2022-03-03T09:00:00","modified_gmt":"2022-03-03T14:00:00","slug":"khaled-drareni-condamne-a-6-mois-de-prison-avec-sursis","status":"publish","type":"post","link":"https:\/\/linitiative.ca\/International\/khaled-drareni-condamne-a-6-mois-de-prison-avec-sursis\/","title":{"rendered":"Khaled Drareni condamn\u00e9 \u00e0 6 mois de prison avec sursis"},"content":{"rendered":"<div>Le journaliste Khaled Drareni a \u00e9t\u00e9 condamn\u00e9, ce jeudi, par la Cour d&rsquo;Alger \u00e0 six mois de prison avec sursis assorti d&rsquo;une amende de 50 000 DA lors de son proc\u00e8s d&rsquo;appel,<\/div>\n<p>Auteur:<br \/>\n<a href=\"https:\/\/www.liberte-algerie.com\/actualite\/khaled-drareni-condamne-a-6-mois-de-prison-avec-sursis-374283\">Cliquez ici pour lire l&rsquo;article depuis sa source.<\/a><\/p>\n","protected":false},"excerpt":{"rendered":"<p>Le journaliste Khaled Drareni a \u00e9t\u00e9 condamn\u00e9, ce jeudi, par la Cour d&rsquo;Alger \u00e0 six mois de prison avec sursis assorti d&rsquo;une amende de 50 000 DA lors de son proc\u00e8s d&rsquo;appel, Auteur: Cliquez ici pour lire l&rsquo;article depuis sa source.<\/p>\n","protected":false},"author":1742,"featured_media":0,"comment_status":"closed","ping_status":"closed","sticky":false,"template":"","format":"standard","meta":{"fifu_image_url":"","fifu_image_alt":"","footnotes":""},"categories":[73,53],"tags":[],"class_list":["post-142186","post","type-post","status-publish","format-standard","hentry","category-actualite","category-algerie"],"_links":{"self":[{"href":"https:\/\/linitiative.ca\/International\/wp-json\/wp\/v2\/posts\/142186","targetHints":{"allow":["GET"]}}],"collection":[{"href":"https:\/\/linitiative.ca\/International\/wp-json\/wp\/v2\/posts"}],"about":[{"href":"https:\/\/linitiative.ca\/International\/wp-json\/wp\/v2\/types\/post"}],"author":[{"embeddable":true,"href":"https:\/\/linitiative.ca\/International\/wp-json\/wp\/v2\/users\/1742"}],"replies":[{"embeddable":true,"href":"https:\/\/linitiative.ca\/International\/wp-json\/wp\/v2\/comments?post=142186"}],"version-history":[{"count":0,"href":"https:\/\/linitiative.ca\/International\/wp-json\/wp\/v2\/posts\/142186\/revisions"}],"wp:attachment":[{"href":"https:\/\/linitiative.ca\/International\/wp-json\/wp\/v2\/media?parent=142186"}],"wp:term":[{"taxonomy":"category","embeddable":true,"href":"https:\/\/linitiative.ca\/International\/wp-json\/wp\/v2\/categories?post=142186"},{"taxonomy":"post_tag","embeddable":true,"href":"https:\/\/linitiative.ca\/International\/wp-json\/wp\/v2\/tags?post=142186"}],"curies":[{"name":"wp","href":"https:\/\/api.w.org\/{rel}","templated":true}]}}