{"id":142188,"date":"2022-03-03T11:19:00","date_gmt":"2022-03-03T16:19:00","guid":{"rendered":"https:\/\/linitiative.ca\/International\/reprise-des-vols-a-destination-de-dakar-et-de-nouakchott\/"},"modified":"2022-03-03T11:19:00","modified_gmt":"2022-03-03T16:19:00","slug":"reprise-des-vols-a-destination-de-dakar-et-de-nouakchott","status":"publish","type":"post","link":"https:\/\/linitiative.ca\/International\/reprise-des-vols-a-destination-de-dakar-et-de-nouakchott\/","title":{"rendered":"Reprise des vols \u00e0 destination de Dakar et de Nouakchott"},"content":{"rendered":"<div>Le minist\u00e8re des Transports a annonc\u00e9, jeudi dans un communiqu\u00e9, la reprise des vols d&rsquo;Air Alg\u00e9rie \u00e0 destination du S\u00e9n\u00e9gal (Dakar) et de Mauritanie (Nouakchott), \u00e0 compter du dimanche 27 mars 2022.<\/div>\n<p>Auteur:<br \/>\n<a href=\"https:\/\/www.liberte-algerie.com\/actualite\/reprise-des-vols-a-destination-de-dakar-et-de-nouakchott-374285\">Cliquez ici pour lire l&rsquo;article depuis sa source.<\/a><\/p>\n","protected":false},"excerpt":{"rendered":"<p>Le minist\u00e8re des Transports a annonc\u00e9, jeudi dans un communiqu\u00e9, la reprise des vols d&rsquo;Air Alg\u00e9rie \u00e0 destination du S\u00e9n\u00e9gal (Dakar) et de Mauritanie (Nouakchott), \u00e0 compter du dimanche 27 mars 2022. Auteur: Cliquez ici pour lire l&rsquo;article depuis sa source.<\/p>\n","protected":false},"author":1742,"featured_media":0,"comment_status":"closed","ping_status":"closed","sticky":false,"template":"","format":"standard","meta":{"fifu_image_url":"","fifu_image_alt":"","footnotes":""},"categories":[73,53],"tags":[],"class_list":["post-142188","post","type-post","status-publish","format-standard","hentry","category-actualite","category-algerie"],"_links":{"self":[{"href":"https:\/\/linitiative.ca\/International\/wp-json\/wp\/v2\/posts\/142188","targetHints":{"allow":["GET"]}}],"collection":[{"href":"https:\/\/linitiative.ca\/International\/wp-json\/wp\/v2\/posts"}],"about":[{"href":"https:\/\/linitiative.ca\/International\/wp-json\/wp\/v2\/types\/post"}],"author":[{"embeddable":true,"href":"https:\/\/linitiative.ca\/International\/wp-json\/wp\/v2\/users\/1742"}],"replies":[{"embeddable":true,"href":"https:\/\/linitiative.ca\/International\/wp-json\/wp\/v2\/comments?post=142188"}],"version-history":[{"count":0,"href":"https:\/\/linitiative.ca\/International\/wp-json\/wp\/v2\/posts\/142188\/revisions"}],"wp:attachment":[{"href":"https:\/\/linitiative.ca\/International\/wp-json\/wp\/v2\/media?parent=142188"}],"wp:term":[{"taxonomy":"category","embeddable":true,"href":"https:\/\/linitiative.ca\/International\/wp-json\/wp\/v2\/categories?post=142188"},{"taxonomy":"post_tag","embeddable":true,"href":"https:\/\/linitiative.ca\/International\/wp-json\/wp\/v2\/tags?post=142188"}],"curies":[{"name":"wp","href":"https:\/\/api.w.org\/{rel}","templated":true}]}}