{"id":142189,"date":"2022-03-03T12:00:00","date_gmt":"2022-03-03T17:00:00","guid":{"rendered":"https:\/\/linitiative.ca\/International\/mali-la-suede-quitte-la-minusma-un-an-plus-tot-que-prevu\/"},"modified":"2022-03-03T12:00:00","modified_gmt":"2022-03-03T17:00:00","slug":"mali-la-suede-quitte-la-minusma-un-an-plus-tot-que-prevu","status":"publish","type":"post","link":"https:\/\/linitiative.ca\/International\/mali-la-suede-quitte-la-minusma-un-an-plus-tot-que-prevu\/","title":{"rendered":"Mali: la Su\u00e8de quitte la Minusma un an plus t\u00f4t que pr\u00e9vu"},"content":{"rendered":"<div>La participation su\u00e9doise \u00e0 la force onusienne Minusma au Mali s&rsquo;ach\u00e8vera un an plus t\u00f4t que pr\u00e9vu, en 2023 au lieu de 2024<\/div>\n<p>Auteur:<br \/>\n<a href=\"https:\/\/www.liberte-algerie.com\/international\/mali-la-suede-quitte-la-minusma-un-an-plus-tot-que-prevu-374287\">Cliquez ici pour lire l&rsquo;article depuis sa source.<\/a><\/p>\n","protected":false},"excerpt":{"rendered":"<p>La participation su\u00e9doise \u00e0 la force onusienne Minusma au Mali s&rsquo;ach\u00e8vera un an plus t\u00f4t que pr\u00e9vu, en 2023 au lieu de 2024 Auteur: Cliquez ici pour lire l&rsquo;article depuis sa source.<\/p>\n","protected":false},"author":1742,"featured_media":0,"comment_status":"closed","ping_status":"closed","sticky":false,"template":"","format":"standard","meta":{"fifu_image_url":"","fifu_image_alt":"","footnotes":""},"categories":[73,53],"tags":[],"class_list":["post-142189","post","type-post","status-publish","format-standard","hentry","category-actualite","category-algerie"],"_links":{"self":[{"href":"https:\/\/linitiative.ca\/International\/wp-json\/wp\/v2\/posts\/142189","targetHints":{"allow":["GET"]}}],"collection":[{"href":"https:\/\/linitiative.ca\/International\/wp-json\/wp\/v2\/posts"}],"about":[{"href":"https:\/\/linitiative.ca\/International\/wp-json\/wp\/v2\/types\/post"}],"author":[{"embeddable":true,"href":"https:\/\/linitiative.ca\/International\/wp-json\/wp\/v2\/users\/1742"}],"replies":[{"embeddable":true,"href":"https:\/\/linitiative.ca\/International\/wp-json\/wp\/v2\/comments?post=142189"}],"version-history":[{"count":0,"href":"https:\/\/linitiative.ca\/International\/wp-json\/wp\/v2\/posts\/142189\/revisions"}],"wp:attachment":[{"href":"https:\/\/linitiative.ca\/International\/wp-json\/wp\/v2\/media?parent=142189"}],"wp:term":[{"taxonomy":"category","embeddable":true,"href":"https:\/\/linitiative.ca\/International\/wp-json\/wp\/v2\/categories?post=142189"},{"taxonomy":"post_tag","embeddable":true,"href":"https:\/\/linitiative.ca\/International\/wp-json\/wp\/v2\/tags?post=142189"}],"curies":[{"name":"wp","href":"https:\/\/api.w.org\/{rel}","templated":true}]}}