{"id":142191,"date":"2022-03-03T05:56:15","date_gmt":"2022-03-03T10:56:15","guid":{"rendered":"https:\/\/linitiative.ca\/International\/previsions-meteorologiques-du-vendredi-04-mars-2022\/"},"modified":"2022-03-03T05:56:15","modified_gmt":"2022-03-03T10:56:15","slug":"previsions-meteorologiques-du-vendredi-04-mars-2022","status":"publish","type":"post","link":"https:\/\/linitiative.ca\/International\/previsions-meteorologiques-du-vendredi-04-mars-2022\/","title":{"rendered":"Pr\u00e9visions m\u00e9t\u00e9orologiques du vendredi 04 mars 2022"},"content":{"rendered":"<div>\n<div style=\"margin-bottom:20px;\"><img loading=\"lazy\" decoding=\"async\" width=\"750\" height=\"430\" src=\"https:\/\/linitiative.ca\/International\/wp-content\/uploads\/sites\/23\/2022\/03\/nuages.jpg\" class=\"attachment-post-thumbnail size-post-thumbnail wp-post-image\" alt=\"\" srcset=\"https:\/\/linitiative.ca\/International\/wp-content\/uploads\/sites\/23\/2022\/03\/nuages.jpg 750w, https:\/\/www.mapmarrakech.ma\/map\/uploads\/2022\/01\/nuages-300x172.jpg 300w\" sizes=\"auto, (max-width: 750px) 100vw, 750px\"><\/div>\n<p>\u2013 Temps assez froid avec gel\u00e9e locale, notamment la nuit suivante, sur l\u2019Atlas, le Rif, l\u2019Oriental, le Sud-Est et les plateaux de phosphates.<\/p>\n<p>\u2013 Pluies ou averses sur les Haut et Moyen Atlas et le nord de l\u2019Oriental.<\/p>\n<p>\u2013 Quelques gouttes \u00e9parses sur le Rif et le Saiss.<\/p>\n<p>\u2013 Quelques flocons de neige sur les sommets du moyen Atlas et du Rif.<\/p>\n<p>\u2013 Rafales de vent assez fortes \u00e0 fortes sur l\u2019Oriental, l\u2019Atlas, la M\u00e9diterran\u00e9e, le Rif, les c\u00f4tes centre et le Sud.<\/p>\n<p>\u2013 Temp\u00e9ratures minimales de l\u2019ordre de -04\/02\u00b0C sur l\u2019Atlas et le Rif, de 03\/08\u00b0C sur l\u2019Oriental, le Sud-Est et les plateaux de phosphates, de 08\/14\u00b0C sur le Nord et le Centre et de 13\/17\u00b0C sur le Sud.<\/p>\n<p>\u2013 Temp\u00e9ratures du jour en baisse, notamment sur l\u2019Atlas, le Rif et l\u2019Oriental.<\/p>\n<p>\u2013 Mer peu agit\u00e9e \u00e0 agit\u00e9e en M\u00e9diterran\u00e9e, sur le D\u00e9troit et agit\u00e9e \u00e0 forte devenant tr\u00e8s forte entre Safi et Tarfaya.<\/p>\n<p>The post <a rel=\"nofollow\" href=\"https:\/\/www.mapmarrakech.ma\/fr\/previsions-meteorologiques-du-vendredi-04-mars-2022\/\">Pr\u00e9visions m\u00e9t\u00e9orologiques du vendredi 04 mars 2022<\/a> appeared first on <a rel=\"nofollow\" href=\"https:\/\/www.mapmarrakech.ma\/fr\">MapMarrakech<\/a>.<\/p>\n<\/div>\n<p>Auteur: Meriem IGASS<br \/>\n<a href=\"https:\/\/www.mapmarrakech.ma\/fr\/previsions-meteorologiques-du-vendredi-04-mars-2022\/\">Cliquez ici pour lire l&rsquo;article depuis sa source.<\/a><\/p>\n","protected":false},"excerpt":{"rendered":"<p>\u2013 Temps assez froid avec gel\u00e9e locale, notamment la nuit suivante, sur l\u2019Atlas, le Rif, l\u2019Oriental, le Sud-Est et les plateaux de phosphates. \u2013 Pluies ou averses sur les Haut et Moyen Atlas et le nord de l\u2019Oriental. \u2013 Quelques gouttes \u00e9parses sur le Rif et le Saiss. \u2013 Quelques flocons de neige sur les [&hellip;]<\/p>\n","protected":false},"author":1788,"featured_media":0,"comment_status":"closed","ping_status":"closed","sticky":false,"template":"","format":"standard","meta":{"fifu_image_url":"https:\/\/www.mapmarrakech.ma\/map\/uploads\/2022\/01\/nuages.jpg","fifu_image_alt":"Pr\u00e9visions m\u00e9t\u00e9orologiques du vendredi 04 mars 2022","footnotes":""},"categories":[54,76],"tags":[],"class_list":["post-142191","post","type-post","status-publish","format-standard","hentry","category-maroc","category-regions"],"_links":{"self":[{"href":"https:\/\/linitiative.ca\/International\/wp-json\/wp\/v2\/posts\/142191","targetHints":{"allow":["GET"]}}],"collection":[{"href":"https:\/\/linitiative.ca\/International\/wp-json\/wp\/v2\/posts"}],"about":[{"href":"https:\/\/linitiative.ca\/International\/wp-json\/wp\/v2\/types\/post"}],"author":[{"embeddable":true,"href":"https:\/\/linitiative.ca\/International\/wp-json\/wp\/v2\/users\/1788"}],"replies":[{"embeddable":true,"href":"https:\/\/linitiative.ca\/International\/wp-json\/wp\/v2\/comments?post=142191"}],"version-history":[{"count":0,"href":"https:\/\/linitiative.ca\/International\/wp-json\/wp\/v2\/posts\/142191\/revisions"}],"wp:attachment":[{"href":"https:\/\/linitiative.ca\/International\/wp-json\/wp\/v2\/media?parent=142191"}],"wp:term":[{"taxonomy":"category","embeddable":true,"href":"https:\/\/linitiative.ca\/International\/wp-json\/wp\/v2\/categories?post=142191"},{"taxonomy":"post_tag","embeddable":true,"href":"https:\/\/linitiative.ca\/International\/wp-json\/wp\/v2\/tags?post=142191"}],"curies":[{"name":"wp","href":"https:\/\/api.w.org\/{rel}","templated":true}]}}