{"id":142197,"date":"2022-03-03T09:05:10","date_gmt":"2022-03-03T14:05:10","guid":{"rendered":"https:\/\/linitiative.ca\/International\/oujda-atelier-autour-du-plan-strategique-national-de-sante-et-immigration\/"},"modified":"2022-03-03T09:05:10","modified_gmt":"2022-03-03T14:05:10","slug":"oujda-atelier-autour-du-plan-strategique-national-de-sante-et-immigration","status":"publish","type":"post","link":"https:\/\/linitiative.ca\/International\/oujda-atelier-autour-du-plan-strategique-national-de-sante-et-immigration\/","title":{"rendered":"Oujda: Atelier autour du Plan strat\u00e9gique national de sant\u00e9 et immigration"},"content":{"rendered":"<div>\n<div style=\"margin-bottom:20px;\"><img loading=\"lazy\" decoding=\"async\" width=\"750\" height=\"430\" src=\"https:\/\/linitiative.ca\/International\/wp-content\/uploads\/sites\/23\/2022\/03\/rencontre-illustration-rC3A9union-750C397430-MAP-1.jpg\" class=\"attachment-post-thumbnail size-post-thumbnail wp-post-image\" alt=\"\" srcset=\"https:\/\/linitiative.ca\/International\/wp-content\/uploads\/sites\/23\/2022\/03\/rencontre-illustration-rC3A9union-750C397430-MAP-1.jpg 750w, https:\/\/www.mapoujda.ma\/map\/uploads\/2022\/02\/rencontre-illustration-r\u00e9union-750\u00d7430-MAP-1-300x172.jpg 300w\" sizes=\"auto, (max-width: 750px) 100vw, 750px\"><\/div>\n<p style=\"text-align: justify;\">Le vice-pr\u00e9sident du Conseil de la r\u00e9gion de l\u2019Oriental, Saleh El Abboudi et des membres du Conseil ont particip\u00e9, r\u00e9cemment \u00e0 Oujda, \u00e0 un atelier autour de la mise en \u0153uvre au niveau r\u00e9gional du Plan strat\u00e9gique national de sant\u00e9 et immigration (2021-2025).<\/p>\n<p style=\"text-align: justify;\">La rencontre, organis\u00e9e dans le cadre du projet \u00abPlacer la migration au service du d\u00e9veloppement durable\u00bb, d\u00e9ploy\u00e9 par l\u2019Organisation internationale pour les migrations (OIM),\u00a0a port\u00e9 notamment sur l\u2019\u00e9laboration d\u2019un plan d\u2019action r\u00e9gional \u00abSant\u00e9 et migration\u00bb au titre de l\u2019ann\u00e9e 2022 au niveau de l\u2019Oriental, et a \u00e9t\u00e9 marqu\u00e9e par une discussion sur les moyens de coordonner les interventions relatives \u00e0 la migration et la sant\u00e9.<\/p>\n<p style=\"text-align: justify;\">Des expos\u00e9s sur les axes du Plan strat\u00e9gique national de sant\u00e9 et immigration et sur les efforts men\u00e9s par l\u2019ensemble des partenaires pour faciliter l\u2019acc\u00e8s des migrants aux services de sant\u00e9 dans la r\u00e9gion de l\u2019Oriental, ont \u00e9galement \u00e9t\u00e9 pr\u00e9sent\u00e9s \u00e0 cette occasion.<\/p>\n<p>L\u2019article <a rel=\"nofollow\" href=\"https:\/\/www.mapoujda.ma\/fr\/oujda-atelier-autour-du-plan-strategique-national-de-sante-et-immigration\/\">Oujda: Atelier autour du Plan strat\u00e9gique national de sant\u00e9 et immigration<\/a> est apparu en premier sur <a rel=\"nofollow\" href=\"https:\/\/www.mapoujda.ma\/fr\">MapOujda<\/a>.<\/p>\n<\/div>\n<p>Auteur: Soufiane ELAHMAR<br \/>\n<a href=\"https:\/\/www.mapoujda.ma\/fr\/oujda-atelier-autour-du-plan-strategique-national-de-sante-et-immigration\/\">Cliquez ici pour lire l&rsquo;article depuis sa source.<\/a><\/p>\n","protected":false},"excerpt":{"rendered":"<p>Le vice-pr\u00e9sident du Conseil de la r\u00e9gion de l\u2019Oriental, Saleh El Abboudi et des membres du Conseil ont particip\u00e9, r\u00e9cemment \u00e0 Oujda, \u00e0 un atelier autour de la mise en \u0153uvre au niveau r\u00e9gional du Plan strat\u00e9gique national de sant\u00e9 et immigration (2021-2025). La rencontre, organis\u00e9e dans le cadre du projet \u00abPlacer la migration au [&hellip;]<\/p>\n","protected":false},"author":1788,"featured_media":0,"comment_status":"closed","ping_status":"closed","sticky":false,"template":"","format":"standard","meta":{"fifu_image_url":"https:\/\/www.mapoujda.ma\/map\/uploads\/2022\/02\/rencontre-illustration-r\u00e9union-750\u00d7430-MAP-1.jpg","fifu_image_alt":"Oujda: Atelier autour du Plan strat\u00e9gique national de sant\u00e9 et immigration","footnotes":""},"categories":[54,76],"tags":[],"class_list":["post-142197","post","type-post","status-publish","format-standard","hentry","category-maroc","category-regions"],"_links":{"self":[{"href":"https:\/\/linitiative.ca\/International\/wp-json\/wp\/v2\/posts\/142197","targetHints":{"allow":["GET"]}}],"collection":[{"href":"https:\/\/linitiative.ca\/International\/wp-json\/wp\/v2\/posts"}],"about":[{"href":"https:\/\/linitiative.ca\/International\/wp-json\/wp\/v2\/types\/post"}],"author":[{"embeddable":true,"href":"https:\/\/linitiative.ca\/International\/wp-json\/wp\/v2\/users\/1788"}],"replies":[{"embeddable":true,"href":"https:\/\/linitiative.ca\/International\/wp-json\/wp\/v2\/comments?post=142197"}],"version-history":[{"count":0,"href":"https:\/\/linitiative.ca\/International\/wp-json\/wp\/v2\/posts\/142197\/revisions"}],"wp:attachment":[{"href":"https:\/\/linitiative.ca\/International\/wp-json\/wp\/v2\/media?parent=142197"}],"wp:term":[{"taxonomy":"category","embeddable":true,"href":"https:\/\/linitiative.ca\/International\/wp-json\/wp\/v2\/categories?post=142197"},{"taxonomy":"post_tag","embeddable":true,"href":"https:\/\/linitiative.ca\/International\/wp-json\/wp\/v2\/tags?post=142197"}],"curies":[{"name":"wp","href":"https:\/\/api.w.org\/{rel}","templated":true}]}}