{"id":142199,"date":"2022-03-03T10:14:59","date_gmt":"2022-03-03T15:14:59","guid":{"rendered":"https:\/\/linitiative.ca\/International\/oujda-accueille-la-4e-edition-de-la-journee-nationale-du-drapeau-marocain\/"},"modified":"2022-03-03T10:14:59","modified_gmt":"2022-03-03T15:14:59","slug":"oujda-accueille-la-4e-edition-de-la-journee-nationale-du-drapeau-marocain","status":"publish","type":"post","link":"https:\/\/linitiative.ca\/International\/oujda-accueille-la-4e-edition-de-la-journee-nationale-du-drapeau-marocain\/","title":{"rendered":"Oujda accueille la 4\u00e8 \u00e9dition de la journ\u00e9e nationale du drapeau marocain"},"content":{"rendered":"<div>\n<div style=\"margin-bottom:20px;\"><img loading=\"lazy\" decoding=\"async\" width=\"728\" height=\"430\" src=\"https:\/\/linitiative.ca\/International\/wp-content\/uploads\/sites\/23\/2022\/03\/Drapeau-Marocain-750C397430-MAP.jpg\" class=\"attachment-post-thumbnail size-post-thumbnail wp-post-image\" alt=\"\" srcset=\"https:\/\/linitiative.ca\/International\/wp-content\/uploads\/sites\/23\/2022\/03\/Drapeau-Marocain-750C397430-MAP.jpg 728w, https:\/\/www.mapoujda.ma\/map\/uploads\/2022\/03\/Drapeau-Marocain-750\u00d7430-MAP-300x177.jpg 300w, https:\/\/www.mapoujda.ma\/map\/uploads\/2022\/03\/Drapeau-Marocain-750\u00d7430-MAP-357x210.jpg 357w\" sizes=\"auto, (max-width: 728px) 100vw, 728px\"><\/div>\n<div>\n<p style=\"text-align: justify;\">L\u2019Association Initiatives pour le drapeau national marocain a organis\u00e9, jeudi \u00e0 Oujda, la 4\u00e8me \u00e9dition de la journ\u00e9e nationale du drapeau marocain, l\u2019occasion de c\u00e9l\u00e9brer ce symbole de la Nation.<\/p>\n<p style=\"text-align: justify;\">Cet \u00e9v\u00e9nement, tenu sous le slogan \u00abNotre Roi garant de notre unit\u00e9, notre drapeau symbole de notre identit\u00e9\u00bb, a \u00e9t\u00e9 marqu\u00e9 par une c\u00e9r\u00e9monie de lev\u00e9e du drapeau national, en pr\u00e9sence du wali de la r\u00e9gion de l\u2019Oriental, gouverneur de la pr\u00e9fecture d\u2019Oujda-Angad, Mouad El Jamai, d\u2019\u00e9lus, de responsables de services d\u00e9centralis\u00e9s, de repr\u00e9sentants des autorit\u00e9s locales et d\u2019acteurs de la soci\u00e9t\u00e9 civile.<\/p>\n<p style=\"text-align: justify;\">Cette manifestation a \u00e9galement \u00e9t\u00e9 rehauss\u00e9e par un vibrant hommage rendu au pr\u00e9sident du Conseil local des oul\u00e9mas d\u2019Oujda, Mustapha Benhamza, pour sa contribution \u00e0 la promotion des valeurs de citoyennet\u00e9 et de patriotisme et ses initiatives en faveur de la soci\u00e9t\u00e9.<\/p>\n<p style=\"text-align: justify;\">Les organisateurs ont aussi rendu hommage au pr\u00e9sident du Conseil local des oul\u00e9mas de Nador, Mimoun Berrissoul, et au d\u00e9l\u00e9gu\u00e9 r\u00e9gional de l\u2019Oriental du Haut-commissariat aux anciens r\u00e9sistants et anciens membres de l\u2019Arm\u00e9e de lib\u00e9ration, Noureddine Azelmat.<\/p>\n<p style=\"text-align: justify;\">Dans une allocution de circonstance, le pr\u00e9sident de l\u2019Association Initiatives pour le drapeau national marocain, Mohamed El Ghatasse, a indiqu\u00e9 que cette manifestation constitue une occasion pour faire conna\u00eetre les activit\u00e9s de l\u2019association, qui \u0153uvre en faveur de la cons\u00e9cration des valeurs de citoyennet\u00e9 sinc\u00e8re et de patriotisme, en particulier aupr\u00e8s de la g\u00e9n\u00e9ration montante.<\/p>\n<p style=\"text-align: justify;\">Il s\u2019agit aussi de mettre en avant le drapeau national en tant que symbole de l\u2019attachement ind\u00e9fectible du peuple marocain aux constantes sacr\u00e9es de la Nation, a-t-il ajout\u00e9, notant que le respect du drapeau et sa bonne pr\u00e9sentation refl\u00e8tent, dans tout pays, le degr\u00e9 de progr\u00e8s de la soci\u00e9t\u00e9 et de la culture citoyenne de son peuple.<\/p>\n<\/div>\n<p>L\u2019article <a rel=\"nofollow\" href=\"https:\/\/www.mapoujda.ma\/fr\/oujda-accueille-la-4e-edition-de-la-journee-nationale-du-drapeau-marocain\/\">Oujda accueille la 4\u00e8 \u00e9dition de la journ\u00e9e nationale du drapeau marocain<\/a> est apparu en premier sur <a rel=\"nofollow\" href=\"https:\/\/www.mapoujda.ma\/fr\">MapOujda<\/a>.<\/p>\n<\/div>\n<p>Auteur: Soufiane ELAHMAR<br \/>\n<a href=\"https:\/\/www.mapoujda.ma\/fr\/oujda-accueille-la-4e-edition-de-la-journee-nationale-du-drapeau-marocain\/\">Cliquez ici pour lire l&rsquo;article depuis sa source.<\/a><\/p>\n","protected":false},"excerpt":{"rendered":"<p>L\u2019Association Initiatives pour le drapeau national marocain a organis\u00e9, jeudi \u00e0 Oujda, la 4\u00e8me \u00e9dition de la journ\u00e9e nationale du drapeau marocain, l\u2019occasion de c\u00e9l\u00e9brer ce symbole de la Nation. Cet \u00e9v\u00e9nement, tenu sous le slogan \u00abNotre Roi garant de notre unit\u00e9, notre drapeau symbole de notre identit\u00e9\u00bb, a \u00e9t\u00e9 marqu\u00e9 par une c\u00e9r\u00e9monie de [&hellip;]<\/p>\n","protected":false},"author":1788,"featured_media":0,"comment_status":"closed","ping_status":"closed","sticky":false,"template":"","format":"standard","meta":{"fifu_image_url":"https:\/\/www.mapoujda.ma\/map\/uploads\/2022\/03\/Drapeau-Marocain-750\u00d7430-MAP.jpg","fifu_image_alt":"Oujda accueille la 4\u00e8 \u00e9dition de la journ\u00e9e nationale du drapeau marocain","footnotes":""},"categories":[54,76],"tags":[],"class_list":["post-142199","post","type-post","status-publish","format-standard","hentry","category-maroc","category-regions"],"_links":{"self":[{"href":"https:\/\/linitiative.ca\/International\/wp-json\/wp\/v2\/posts\/142199","targetHints":{"allow":["GET"]}}],"collection":[{"href":"https:\/\/linitiative.ca\/International\/wp-json\/wp\/v2\/posts"}],"about":[{"href":"https:\/\/linitiative.ca\/International\/wp-json\/wp\/v2\/types\/post"}],"author":[{"embeddable":true,"href":"https:\/\/linitiative.ca\/International\/wp-json\/wp\/v2\/users\/1788"}],"replies":[{"embeddable":true,"href":"https:\/\/linitiative.ca\/International\/wp-json\/wp\/v2\/comments?post=142199"}],"version-history":[{"count":0,"href":"https:\/\/linitiative.ca\/International\/wp-json\/wp\/v2\/posts\/142199\/revisions"}],"wp:attachment":[{"href":"https:\/\/linitiative.ca\/International\/wp-json\/wp\/v2\/media?parent=142199"}],"wp:term":[{"taxonomy":"category","embeddable":true,"href":"https:\/\/linitiative.ca\/International\/wp-json\/wp\/v2\/categories?post=142199"},{"taxonomy":"post_tag","embeddable":true,"href":"https:\/\/linitiative.ca\/International\/wp-json\/wp\/v2\/tags?post=142199"}],"curies":[{"name":"wp","href":"https:\/\/api.w.org\/{rel}","templated":true}]}}