{"id":142201,"date":"2022-03-03T10:32:38","date_gmt":"2022-03-03T15:32:38","guid":{"rendered":"https:\/\/linitiative.ca\/International\/ada-1ere-e-vitrine-au-maroc-pour-la-promotion-des-produits-du-terroir\/"},"modified":"2022-03-03T10:32:38","modified_gmt":"2022-03-03T15:32:38","slug":"ada-1ere-e-vitrine-au-maroc-pour-la-promotion-des-produits-du-terroir","status":"publish","type":"post","link":"https:\/\/linitiative.ca\/International\/ada-1ere-e-vitrine-au-maroc-pour-la-promotion-des-produits-du-terroir\/","title":{"rendered":"ADA : 1\u00e8re E-vitrine au Maroc pour la promotion des produits du terroir"},"content":{"rendered":"<div>\n<div style=\"margin-bottom:20px;\"><img loading=\"lazy\" decoding=\"async\" width=\"750\" height=\"430\" src=\"https:\/\/linitiative.ca\/International\/wp-content\/uploads\/sites\/23\/2022\/03\/Affiche-du-siteweb-terroir-du-Maroc-750C397430-FR-DR.jpg\" class=\"attachment-post-thumbnail size-post-thumbnail wp-post-image\" alt=\"\" srcset=\"https:\/\/linitiative.ca\/International\/wp-content\/uploads\/sites\/23\/2022\/03\/Affiche-du-siteweb-terroir-du-Maroc-750C397430-FR-DR.jpg 750w, https:\/\/www.mapoujda.ma\/map\/uploads\/2022\/03\/Affiche-du-siteweb-terroir-du-Maroc-750\u00d7430-FR-DR-300x172.jpg 300w\" sizes=\"auto, (max-width: 750px) 100vw, 750px\"><\/div>\n<p style=\"text-align: justify;\">L\u2019Agence pour le D\u00e9veloppement Agricole (ADA) a lanc\u00e9, jeudi, la premi\u00e8re vitrine digitale d\u00e9di\u00e9e \u00e0 la promotion des produits du terroir marocain (www.terroirdumaroc.gov.ma), issus des coop\u00e9ratives des diff\u00e9rentes r\u00e9gions du Royaume.<\/p>\n<p style=\"text-align: justify;\">Lanc\u00e9e dans le cadre des activit\u00e9s du minist\u00e8re de l\u2019Agriculture, de la p\u00eache maritime, du d\u00e9veloppement rural et des eaux et for\u00eats, visant le d\u00e9veloppement du secteur des produits du terroir et la facilitation de leur acc\u00e8s aux march\u00e9s de la distribution moderne nationaux et internationaux, cette e-vitrine sera le lien direct entre les consommateurs et professionnels nationaux et internationaux, d\u2019une part, et les producteurs de produits du terroir, d\u2019autre part, qui n\u2019\u00e9pargneront aucun effort pour mettre \u00e0 leur disposition des produits de haute qualit\u00e9 et fournir le maximum d\u2019informations concernant ces produits, indique l\u2019ADA dans un communiqu\u00e9.<\/p>\n<p style=\"text-align: justify;\">Ladite e-vitrine propose une large gamme des produits du terroir marocain en pr\u00e9sentant, dans une premi\u00e8re \u00e9tape plus de 680 articles, produits par 70 groupements de produits du terroir (repr\u00e9sentant plus de 5.000 producteurs dont 46% sont des femmes rurales), pour atteindre 200 groupements \u00e0 fin 2022, pr\u00e9cise la m\u00eame source.<\/p>\n<p style=\"text-align: justify;\">Sure, rapide et efficace, cette vitrine digitale a \u00e9t\u00e9 con\u00e7ue en trois langues (Arabe, Fran\u00e7ais et Anglais) pour faciliter l\u2019acc\u00e8s au monde du terroir en r\u00e9pondant aux diff\u00e9rents besoins en un simple clic aussi bien sur ordinateur que sur smartphone.<\/p>\n<p style=\"text-align: justify;\">Le lancement de cette e-vitrine aussi que toutes les actualit\u00e9s des produits du terroir marocain, seront diffus\u00e9s sur les pages Facebook et Instagram \u00ab\u00a0Terroir du Maroc By ADA\u00a0\u00bb, conclut l\u2019Agence.<\/p>\n<p>L\u2019article <a rel=\"nofollow\" href=\"https:\/\/www.mapoujda.ma\/fr\/ada-1ere-e-vitrine-au-maroc-pour-la-promotion-des-produits-du-terroir\/\">ADA : 1\u00e8re E-vitrine au Maroc pour la promotion des produits du terroir<\/a> est apparu en premier sur <a rel=\"nofollow\" href=\"https:\/\/www.mapoujda.ma\/fr\">MapOujda<\/a>.<\/p>\n<\/div>\n<p>Auteur: Soufiane ELAHMAR<br \/>\n<a href=\"https:\/\/www.mapoujda.ma\/fr\/ada-1ere-e-vitrine-au-maroc-pour-la-promotion-des-produits-du-terroir\/\">Cliquez ici pour lire l&rsquo;article depuis sa source.<\/a><\/p>\n","protected":false},"excerpt":{"rendered":"<p>L\u2019Agence pour le D\u00e9veloppement Agricole (ADA) a lanc\u00e9, jeudi, la premi\u00e8re vitrine digitale d\u00e9di\u00e9e \u00e0 la promotion des produits du terroir marocain (www.terroirdumaroc.gov.ma), issus des coop\u00e9ratives des diff\u00e9rentes r\u00e9gions du Royaume. Lanc\u00e9e dans le cadre des activit\u00e9s du minist\u00e8re de l\u2019Agriculture, de la p\u00eache maritime, du d\u00e9veloppement rural et des eaux et for\u00eats, visant le [&hellip;]<\/p>\n","protected":false},"author":1788,"featured_media":0,"comment_status":"closed","ping_status":"closed","sticky":false,"template":"","format":"standard","meta":{"fifu_image_url":"https:\/\/www.mapoujda.ma\/map\/uploads\/2022\/03\/Affiche-du-siteweb-terroir-du-Maroc-750\u00d7430-FR-DR.jpg","fifu_image_alt":"ADA : 1\u00e8re E-vitrine au Maroc pour la promotion des produits du terroir","footnotes":""},"categories":[54,76],"tags":[],"class_list":["post-142201","post","type-post","status-publish","format-standard","hentry","category-maroc","category-regions"],"_links":{"self":[{"href":"https:\/\/linitiative.ca\/International\/wp-json\/wp\/v2\/posts\/142201","targetHints":{"allow":["GET"]}}],"collection":[{"href":"https:\/\/linitiative.ca\/International\/wp-json\/wp\/v2\/posts"}],"about":[{"href":"https:\/\/linitiative.ca\/International\/wp-json\/wp\/v2\/types\/post"}],"author":[{"embeddable":true,"href":"https:\/\/linitiative.ca\/International\/wp-json\/wp\/v2\/users\/1788"}],"replies":[{"embeddable":true,"href":"https:\/\/linitiative.ca\/International\/wp-json\/wp\/v2\/comments?post=142201"}],"version-history":[{"count":0,"href":"https:\/\/linitiative.ca\/International\/wp-json\/wp\/v2\/posts\/142201\/revisions"}],"wp:attachment":[{"href":"https:\/\/linitiative.ca\/International\/wp-json\/wp\/v2\/media?parent=142201"}],"wp:term":[{"taxonomy":"category","embeddable":true,"href":"https:\/\/linitiative.ca\/International\/wp-json\/wp\/v2\/categories?post=142201"},{"taxonomy":"post_tag","embeddable":true,"href":"https:\/\/linitiative.ca\/International\/wp-json\/wp\/v2\/tags?post=142201"}],"curies":[{"name":"wp","href":"https:\/\/api.w.org\/{rel}","templated":true}]}}