{"id":142203,"date":"2022-03-03T09:50:08","date_gmt":"2022-03-03T14:50:08","guid":{"rendered":"https:\/\/linitiative.ca\/International\/nomination-a-de-hautes-fonctions\/"},"modified":"2022-03-03T09:50:08","modified_gmt":"2022-03-03T14:50:08","slug":"nomination-a-de-hautes-fonctions","status":"publish","type":"post","link":"https:\/\/linitiative.ca\/International\/nomination-a-de-hautes-fonctions\/","title":{"rendered":"Nomination \u00e0 de hautes fonctions"},"content":{"rendered":"<div>\n<div class=\"field field-name-body field-type-text-with-summary field-label-hidden\">\n<div class=\"field-items\">\n<div class=\"field-item even\" property=\"content:encoded\">\n<p>R\u00e9uni sous la pr\u00e9sidence du Chef du gouvernement, le Conseil de gouvernement, a approuv\u00e9 des propositions de nomination \u00e0 de hautes fonctions.<\/p>\n<p>Youness Rami Yahyaoui a \u00e9t\u00e9 nomm\u00e9 directeur des Ressources, des \u00e9tudes et des syst\u00e8mes d&rsquo;information, au\u00a0minist\u00e8re d\u00e9l\u00e9gu\u00e9 charg\u00e9 des Relations avec le parlement, porte-parole du gouvernement.<\/p>\n<p>Au niveau du minist\u00e8re de l&rsquo;Enseignement sup\u00e9rieur, de la recherche scientifique et de l&rsquo;innovation, Rachid Arraichi a \u00e9t\u00e9 nomm\u00e9 Directeur de l\u2019\u00c9cole sup\u00e9rieure de l\u2019\u00e9ducation et de la formation-Berrechid (ESEFB).<\/p>\n<p><em>M.B.<\/em><\/p>\n<p>\u00a0<\/p>\n<\/div>\n<\/div>\n<\/div>\n<\/div>\n<p>Auteur: mbasraoui<br \/>\n<a href=\"https:\/\/www.leconomiste.com\/flash-infos\/nomination-de-hautes-fonctions-7\">Cliquez ici pour lire l&rsquo;article depuis sa source.<\/a><\/p>\n","protected":false},"excerpt":{"rendered":"<p>R\u00e9uni sous la pr\u00e9sidence du Chef du gouvernement, le Conseil de gouvernement, a approuv\u00e9 des propositions de nomination \u00e0 de hautes fonctions. Youness Rami Yahyaoui a \u00e9t\u00e9 nomm\u00e9 directeur des Ressources, des \u00e9tudes et des syst\u00e8mes d&rsquo;information, au\u00a0minist\u00e8re d\u00e9l\u00e9gu\u00e9 charg\u00e9 des Relations avec le parlement, porte-parole du gouvernement. Au niveau du minist\u00e8re de l&rsquo;Enseignement sup\u00e9rieur, [&hellip;]<\/p>\n","protected":false},"author":1763,"featured_media":0,"comment_status":"closed","ping_status":"closed","sticky":false,"template":"","format":"standard","meta":{"fifu_image_url":"","fifu_image_alt":"","footnotes":""},"categories":[78,54],"tags":[],"class_list":["post-142203","post","type-post","status-publish","format-standard","hentry","category-economie","category-maroc"],"_links":{"self":[{"href":"https:\/\/linitiative.ca\/International\/wp-json\/wp\/v2\/posts\/142203","targetHints":{"allow":["GET"]}}],"collection":[{"href":"https:\/\/linitiative.ca\/International\/wp-json\/wp\/v2\/posts"}],"about":[{"href":"https:\/\/linitiative.ca\/International\/wp-json\/wp\/v2\/types\/post"}],"author":[{"embeddable":true,"href":"https:\/\/linitiative.ca\/International\/wp-json\/wp\/v2\/users\/1763"}],"replies":[{"embeddable":true,"href":"https:\/\/linitiative.ca\/International\/wp-json\/wp\/v2\/comments?post=142203"}],"version-history":[{"count":0,"href":"https:\/\/linitiative.ca\/International\/wp-json\/wp\/v2\/posts\/142203\/revisions"}],"wp:attachment":[{"href":"https:\/\/linitiative.ca\/International\/wp-json\/wp\/v2\/media?parent=142203"}],"wp:term":[{"taxonomy":"category","embeddable":true,"href":"https:\/\/linitiative.ca\/International\/wp-json\/wp\/v2\/categories?post=142203"},{"taxonomy":"post_tag","embeddable":true,"href":"https:\/\/linitiative.ca\/International\/wp-json\/wp\/v2\/tags?post=142203"}],"curies":[{"name":"wp","href":"https:\/\/api.w.org\/{rel}","templated":true}]}}