{"id":142204,"date":"2022-03-03T10:09:08","date_gmt":"2022-03-03T15:09:08","guid":{"rendered":"https:\/\/linitiative.ca\/International\/production-cinematographique-un-projet-de-decret-approuve\/"},"modified":"2022-03-03T10:09:08","modified_gmt":"2022-03-03T15:09:08","slug":"production-cinematographique-un-projet-de-decret-approuve","status":"publish","type":"post","link":"https:\/\/linitiative.ca\/International\/production-cinematographique-un-projet-de-decret-approuve\/","title":{"rendered":"Production cin\u00e9matographique: Un projet de d\u00e9cret approuv\u00e9"},"content":{"rendered":"<div>\n<div class=\"field field-name-body field-type-text-with-summary field-label-hidden\">\n<div class=\"field-items\">\n<div class=\"field-item even\" property=\"content:encoded\">\n<p class=\"rtejustify\">Le Conseil de gouvernement a approuv\u00e9, jeudi, le projet de d\u00e9cret n\u00b0 2.22.67 modifiant le d\u00e9cret n\u00b0 2.12.325 du 28 Ramadan 1433 (17 ao\u00fbt 2012) fixant les conditions et les proc\u00e9dures d\u2019aide \u00e0 la production cin\u00e9matographique, \u00e0 la num\u00e9risation, la r\u00e9novation et la cr\u00e9ation de salles de cin\u00e9ma et \u00e0 l\u2019organisation des festivals de films.<\/p>\n<\/div>\n<\/div>\n<\/div>\n<\/div>\n<p>Auteur: mbasraoui<br \/>\n<a href=\"https:\/\/www.leconomiste.com\/flash-infos\/production-cinematographique-un-projet-de-decret-approuve\">Cliquez ici pour lire l&rsquo;article depuis sa source.<\/a><\/p>\n","protected":false},"excerpt":{"rendered":"<p>Le Conseil de gouvernement a approuv\u00e9, jeudi, le projet de d\u00e9cret n\u00b0 2.22.67 modifiant le d\u00e9cret n\u00b0 2.12.325 du 28 Ramadan 1433 (17 ao\u00fbt 2012) fixant les conditions et les proc\u00e9dures d\u2019aide \u00e0 la production cin\u00e9matographique, \u00e0 la num\u00e9risation, la r\u00e9novation et la cr\u00e9ation de salles de cin\u00e9ma et \u00e0 l\u2019organisation des festivals de films. [&hellip;]<\/p>\n","protected":false},"author":1763,"featured_media":0,"comment_status":"closed","ping_status":"closed","sticky":false,"template":"","format":"standard","meta":{"fifu_image_url":"","fifu_image_alt":"","footnotes":""},"categories":[78,54],"tags":[],"class_list":["post-142204","post","type-post","status-publish","format-standard","hentry","category-economie","category-maroc"],"_links":{"self":[{"href":"https:\/\/linitiative.ca\/International\/wp-json\/wp\/v2\/posts\/142204","targetHints":{"allow":["GET"]}}],"collection":[{"href":"https:\/\/linitiative.ca\/International\/wp-json\/wp\/v2\/posts"}],"about":[{"href":"https:\/\/linitiative.ca\/International\/wp-json\/wp\/v2\/types\/post"}],"author":[{"embeddable":true,"href":"https:\/\/linitiative.ca\/International\/wp-json\/wp\/v2\/users\/1763"}],"replies":[{"embeddable":true,"href":"https:\/\/linitiative.ca\/International\/wp-json\/wp\/v2\/comments?post=142204"}],"version-history":[{"count":0,"href":"https:\/\/linitiative.ca\/International\/wp-json\/wp\/v2\/posts\/142204\/revisions"}],"wp:attachment":[{"href":"https:\/\/linitiative.ca\/International\/wp-json\/wp\/v2\/media?parent=142204"}],"wp:term":[{"taxonomy":"category","embeddable":true,"href":"https:\/\/linitiative.ca\/International\/wp-json\/wp\/v2\/categories?post=142204"},{"taxonomy":"post_tag","embeddable":true,"href":"https:\/\/linitiative.ca\/International\/wp-json\/wp\/v2\/tags?post=142204"}],"curies":[{"name":"wp","href":"https:\/\/api.w.org\/{rel}","templated":true}]}}