{"id":142207,"date":"2022-03-03T11:21:07","date_gmt":"2022-03-03T16:21:07","guid":{"rendered":"https:\/\/linitiative.ca\/International\/amenagement-du-territoire-un-nouveau-mode-de-reglement-adopte\/"},"modified":"2022-03-03T11:21:07","modified_gmt":"2022-03-03T16:21:07","slug":"amenagement-du-territoire-un-nouveau-mode-de-reglement-adopte","status":"publish","type":"post","link":"https:\/\/linitiative.ca\/International\/amenagement-du-territoire-un-nouveau-mode-de-reglement-adopte\/","title":{"rendered":"Am\u00e9nagement du territoire: Un nouveau mode de r\u00e8glement adopt\u00e9"},"content":{"rendered":"<div>\n<div class=\"field field-name-body field-type-text-with-summary field-label-hidden\">\n<div class=\"field-items\">\n<div class=\"field-item even\" property=\"content:encoded\">\n<p class=\"rtejustify\">Du changement en mati\u00e8re d\u2019am\u00e9nagement du territoire. Le minist\u00e8re de tutelle a publi\u00e9 une circulaire concernant l\u2019adoption d\u2019un nouveau mod\u00e8le de r\u00e8glement d\u2019am\u00e9nagement. Ce dernier est dot\u00e9 d\u2019une nouvelle ossature et adopte de nouveaux principes notamment celui des r\u00e8gles fixes et des r\u00e8gles alternatives.<\/p>\n<\/div>\n<\/div>\n<\/div>\n<\/div>\n<p>Auteur: hgueye<br \/>\n<a href=\"https:\/\/www.leconomiste.com\/flash-infos\/amenagement-du-territoire-un-nouveau-mode-de-reglement-adopte\">Cliquez ici pour lire l&rsquo;article depuis sa source.<\/a><\/p>\n","protected":false},"excerpt":{"rendered":"<p>Du changement en mati\u00e8re d\u2019am\u00e9nagement du territoire. Le minist\u00e8re de tutelle a publi\u00e9 une circulaire concernant l\u2019adoption d\u2019un nouveau mod\u00e8le de r\u00e8glement d\u2019am\u00e9nagement. Ce dernier est dot\u00e9 d\u2019une nouvelle ossature et adopte de nouveaux principes notamment celui des r\u00e8gles fixes et des r\u00e8gles alternatives. Auteur: hgueye Cliquez ici pour lire l&rsquo;article depuis sa source.<\/p>\n","protected":false},"author":1763,"featured_media":0,"comment_status":"closed","ping_status":"closed","sticky":false,"template":"","format":"standard","meta":{"fifu_image_url":"","fifu_image_alt":"","footnotes":""},"categories":[78,54],"tags":[],"class_list":["post-142207","post","type-post","status-publish","format-standard","hentry","category-economie","category-maroc"],"_links":{"self":[{"href":"https:\/\/linitiative.ca\/International\/wp-json\/wp\/v2\/posts\/142207","targetHints":{"allow":["GET"]}}],"collection":[{"href":"https:\/\/linitiative.ca\/International\/wp-json\/wp\/v2\/posts"}],"about":[{"href":"https:\/\/linitiative.ca\/International\/wp-json\/wp\/v2\/types\/post"}],"author":[{"embeddable":true,"href":"https:\/\/linitiative.ca\/International\/wp-json\/wp\/v2\/users\/1763"}],"replies":[{"embeddable":true,"href":"https:\/\/linitiative.ca\/International\/wp-json\/wp\/v2\/comments?post=142207"}],"version-history":[{"count":0,"href":"https:\/\/linitiative.ca\/International\/wp-json\/wp\/v2\/posts\/142207\/revisions"}],"wp:attachment":[{"href":"https:\/\/linitiative.ca\/International\/wp-json\/wp\/v2\/media?parent=142207"}],"wp:term":[{"taxonomy":"category","embeddable":true,"href":"https:\/\/linitiative.ca\/International\/wp-json\/wp\/v2\/categories?post=142207"},{"taxonomy":"post_tag","embeddable":true,"href":"https:\/\/linitiative.ca\/International\/wp-json\/wp\/v2\/tags?post=142207"}],"curies":[{"name":"wp","href":"https:\/\/api.w.org\/{rel}","templated":true}]}}